{"id":2054,"date":"2011-10-20T22:29:15","date_gmt":"2011-10-20T21:29:15","guid":{"rendered":"http:\/\/www.solidarsport.fr\/?p=2054"},"modified":"2023-07-13T10:41:11","modified_gmt":"2023-07-13T08:41:11","slug":"nos-coups-de-coeur-6","status":"publish","type":"post","link":"https:\/\/www.solidarsport.fr\/index.php\/2011\/10\/20\/nos-coups-de-coeur-6\/","title":{"rendered":"Nos coups de c\u0153ur"},"content":{"rendered":"<h2>A l\u2019\u00e9quipe de professeurs EPS<\/h2>\n<figure id=\"attachment_2055\" aria-describedby=\"caption-attachment-2055\" style=\"width: 487px\" class=\"wp-caption aligncenter\"><a href=\"https:\/\/www.solidarsport.fr\/wp-content\/uploads\/2011\/11\/BAO-20.jpg\"><img fetchpriority=\"high\" decoding=\"async\" class=\"size-medium wp-image-2055\" title=\"BAO-20\" src=\"https:\/\/www.solidarsport.fr\/wp-content\/uploads\/2011\/11\/BAO-20-487x573.jpg\" alt=\"\" width=\"487\" height=\"573\" \/><\/a><figcaption id=\"caption-attachment-2055\" class=\"wp-caption-text\">Olivier Marty<\/figcaption><\/figure>\n<p><!--more--><\/p>\n<table>\n<tbody>\n<tr>\n<td>\n<p><figure id=\"attachment_2056\" aria-describedby=\"caption-attachment-2056\" style=\"width: 254px\" class=\"wp-caption aligncenter\"><a href=\"https:\/\/www.solidarsport.fr\/wp-content\/uploads\/2011\/11\/BAO-21.jpg\"><img decoding=\"async\" class=\"size-thumbnail wp-image-2056\" title=\"BAO-21\" src=\"https:\/\/www.solidarsport.fr\/wp-content\/uploads\/2011\/11\/BAO-21-254x169.jpg\" alt=\"\" width=\"254\" height=\"169\" \/><\/a><figcaption id=\"caption-attachment-2056\" class=\"wp-caption-text\">St\u00e9phanie Salomon, Yvan Pellegry et Bruno Wesoly<\/figcaption><\/figure><\/td>\n<td>\n<p><figure id=\"attachment_2057\" aria-describedby=\"caption-attachment-2057\" style=\"width: 254px\" class=\"wp-caption aligncenter\"><a href=\"https:\/\/www.solidarsport.fr\/wp-content\/uploads\/2011\/11\/BAO-22.jpg\"><img decoding=\"async\" class=\"size-thumbnail wp-image-2057\" title=\"BAO-22\" src=\"https:\/\/www.solidarsport.fr\/wp-content\/uploads\/2011\/11\/BAO-22-254x329.jpg\" alt=\"\" width=\"254\" height=\"329\" \/><\/a><figcaption id=\"caption-attachment-2057\" class=\"wp-caption-text\">Barbara Palhan<\/figcaption><\/figure><\/td>\n<\/tr>\n<tr>\n<td>\n<p><figure id=\"attachment_2058\" aria-describedby=\"caption-attachment-2058\" style=\"width: 254px\" class=\"wp-caption aligncenter\"><a href=\"https:\/\/www.solidarsport.fr\/wp-content\/uploads\/2011\/11\/BAO-23.jpg\"><img loading=\"lazy\" decoding=\"async\" class=\"size-thumbnail wp-image-2058\" title=\"BAO-23\" src=\"https:\/\/www.solidarsport.fr\/wp-content\/uploads\/2011\/11\/BAO-23-254x231.jpg\" alt=\"\" width=\"254\" height=\"231\" \/><\/a><figcaption id=\"caption-attachment-2058\" class=\"wp-caption-text\">Patrick Vallee<\/figcaption><\/figure><\/td>\n<td>\n<p><figure id=\"attachment_2059\" aria-describedby=\"caption-attachment-2059\" style=\"width: 254px\" class=\"wp-caption aligncenter\"><a href=\"https:\/\/www.solidarsport.fr\/wp-content\/uploads\/2011\/11\/BAO-24.jpg\"><img loading=\"lazy\" decoding=\"async\" class=\"size-thumbnail wp-image-2059\" title=\"BAO-24\" src=\"https:\/\/www.solidarsport.fr\/wp-content\/uploads\/2011\/11\/BAO-24-254x223.jpg\" alt=\"\" width=\"254\" height=\"223\" \/><\/a><figcaption id=\"caption-attachment-2059\" class=\"wp-caption-text\">Florence Corrieu<\/figcaption><\/figure><\/td>\n<\/tr>\n<\/tbody>\n<\/table>\n<h2>Au Cr\u00e9dit Agricole Provence C\u00f4te-d\u2019Azur<\/h2>\n<p style=\"text-align: justify;\"><a href=\"https:\/\/www.solidarsport.fr\/wp-content\/uploads\/2011\/11\/BAO-28.jpg\"><img loading=\"lazy\" decoding=\"async\" class=\"aligncenter size-medium wp-image-2060\" title=\"BAO-28\" src=\"https:\/\/www.solidarsport.fr\/wp-content\/uploads\/2011\/11\/BAO-28-487x735.jpg\" alt=\"\" width=\"487\" height=\"735\" \/><\/a>En soutenant l\u2019action que m\u00e8ne Solidarsport aupr\u00e8s des jeunes g\u00e9n\u00e9rations depuis la cr\u00e9ation m\u00eame de l\u2019association (1994)\u2026 Le Cr\u00e9dit Agricole Provence C\u00f4te d\u2019Azur est l\u2019un de nos plus grands partenaires aux c\u00f4t\u00e9s de Nice-Matin et du Conseil G\u00e9n\u00e9ral des Alpes-Maritimes. Rien de plus logique que ce soit Mme Nelly Emanuelli qui ait remis le \u00ab\u00a0Troph\u00e9e du Respect\u00a0\u00bb \u00e0 Mme Murielle Quinsac.<\/p>\n<h2>Aux \u00e9l\u00e8ves de 3e \u00ab Responsables \u00bb<\/h2>\n<p><a href=\"https:\/\/www.solidarsport.fr\/wp-content\/uploads\/2011\/10\/BAO-30.jpg\"><img loading=\"lazy\" decoding=\"async\" class=\"aligncenter size-medium wp-image-2062\" title=\"BAO-30\" src=\"https:\/\/www.solidarsport.fr\/wp-content\/uploads\/2011\/10\/BAO-30-487x365.jpg\" alt=\"\" width=\"487\" height=\"365\" \/><\/a><\/p>\n<p style=\"text-align: justify;\">Pour \u00e9toffer son \u00e9quipe d\u2019organisation, le coll\u00e8ge Les Baous a enregistr\u00e9 l\u2019aide logistique de 11 \u00e9l\u00e8ves de 3e \u00abResponsables\u00bb.<br \/>\nIls s\u2019appellent : Tom, Clothilde, Fleur, Hugo, Margaux, Fanny, C\u00e9sar, Louis, Arnaud et Eric.<br \/>\nUn grand bravo !<br \/>\n<a href=\"https:\/\/www.solidarsport.fr\/wp-content\/uploads\/2011\/10\/BAO-311.jpg\"><img loading=\"lazy\" decoding=\"async\" class=\"aligncenter size-medium wp-image-2064\" title=\"BAO-31\" src=\"https:\/\/www.solidarsport.fr\/wp-content\/uploads\/2011\/10\/BAO-311-487x325.jpg\" alt=\"\" width=\"487\" height=\"325\" \/><\/a><\/p>\n<h2>A \u00ab Athos \u00bb la mascotte des coll\u00e9giens<\/h2>\n<table>\n<tbody>\n<tr>\n<td><a href=\"https:\/\/www.solidarsport.fr\/wp-content\/uploads\/2011\/10\/BAO-32.jpg\"><img loading=\"lazy\" decoding=\"async\" class=\"aligncenter size-thumbnail wp-image-2065\" title=\"BAO-32\" src=\"https:\/\/www.solidarsport.fr\/wp-content\/uploads\/2011\/10\/BAO-32-254x169.jpg\" alt=\"\" width=\"254\" height=\"169\" \/><\/a><\/td>\n<td><a href=\"https:\/\/www.solidarsport.fr\/wp-content\/uploads\/2011\/10\/BAO-33.jpg\"><img loading=\"lazy\" decoding=\"async\" class=\"aligncenter size-thumbnail wp-image-2066\" title=\"BAO-33\" src=\"https:\/\/www.solidarsport.fr\/wp-content\/uploads\/2011\/10\/BAO-33-254x169.jpg\" alt=\"\" width=\"254\" height=\"169\" \/><\/a><\/td>\n<\/tr>\n<\/tbody>\n<\/table>\n<p style=\"text-align: justify;\">Le gardien du stade municipal de Saint-Jeannet o\u00f9 s\u2019est d\u00e9roul\u00e9 en partie cette journ\u00e9e du Respect poss\u00e8de un berger allemand qui s\u2019appelle \u00abAthos\u00bb et est un amour de chien\u2026 il a \u00e9t\u00e9 le 201e  participant et la mascotte des \u00e9l\u00e8ves.<\/p>\n","protected":false},"excerpt":{"rendered":"<p>A l\u2019\u00e9quipe de professeurs EPS<\/p>\n","protected":false},"author":3,"featured_media":0,"comment_status":"open","ping_status":"open","sticky":false,"template":"","format":"standard","meta":{"ocean_post_layout":"","ocean_both_sidebars_style":"","ocean_both_sidebars_content_width":0,"ocean_both_sidebars_sidebars_width":0,"ocean_sidebar":"","ocean_second_sidebar":"","ocean_disable_margins":"enable","ocean_add_body_class":"","ocean_shortcode_before_top_bar":"","ocean_shortcode_after_top_bar":"","ocean_shortcode_before_header":"","ocean_shortcode_after_header":"","ocean_has_shortcode":"","ocean_shortcode_after_title":"","ocean_shortcode_before_footer_widgets":"","ocean_shortcode_after_footer_widgets":"","ocean_shortcode_before_footer_bottom":"","ocean_shortcode_after_footer_bottom":"","ocean_display_top_bar":"default","ocean_display_header":"default","ocean_header_style":"","ocean_center_header_left_menu":"","ocean_custom_header_template":"","ocean_custom_logo":0,"ocean_custom_retina_logo":0,"ocean_custom_logo_max_width":0,"ocean_custom_logo_tablet_max_width":0,"ocean_custom_logo_mobile_max_width":0,"ocean_custom_logo_max_height":0,"ocean_custom_logo_tablet_max_height":0,"ocean_custom_logo_mobile_max_height":0,"ocean_header_custom_menu":"","ocean_menu_typo_font_family":"","ocean_menu_typo_font_subset":"","ocean_menu_typo_font_size":0,"ocean_menu_typo_font_size_tablet":0,"ocean_menu_typo_font_size_mobile":0,"ocean_menu_typo_font_size_unit":"px","ocean_menu_typo_font_weight":"","ocean_menu_typo_font_weight_tablet":"","ocean_menu_typo_font_weight_mobile":"","ocean_menu_typo_transform":"","ocean_menu_typo_transform_tablet":"","ocean_menu_typo_transform_mobile":"","ocean_menu_typo_line_height":0,"ocean_menu_typo_line_height_tablet":0,"ocean_menu_typo_line_height_mobile":0,"ocean_menu_typo_line_height_unit":"","ocean_menu_typo_spacing":0,"ocean_menu_typo_spacing_tablet":0,"ocean_menu_typo_spacing_mobile":0,"ocean_menu_typo_spacing_unit":"","ocean_menu_link_color":"","ocean_menu_link_color_hover":"","ocean_menu_link_color_active":"","ocean_menu_link_background":"","ocean_menu_link_hover_background":"","ocean_menu_link_active_background":"","ocean_menu_social_links_bg":"","ocean_menu_social_hover_links_bg":"","ocean_menu_social_links_color":"","ocean_menu_social_hover_links_color":"","ocean_disable_title":"default","ocean_disable_heading":"default","ocean_post_title":"","ocean_post_subheading":"","ocean_post_title_style":"","ocean_post_title_background_color":"","ocean_post_title_background":0,"ocean_post_title_bg_image_position":"","ocean_post_title_bg_image_attachment":"","ocean_post_title_bg_image_repeat":"","ocean_post_title_bg_image_size":"","ocean_post_title_height":0,"ocean_post_title_bg_overlay":0.5,"ocean_post_title_bg_overlay_color":"","ocean_disable_breadcrumbs":"default","ocean_breadcrumbs_color":"","ocean_breadcrumbs_separator_color":"","ocean_breadcrumbs_links_color":"","ocean_breadcrumbs_links_hover_color":"","ocean_display_footer_widgets":"default","ocean_display_footer_bottom":"default","ocean_custom_footer_template":"","ofc_enable_fullscreen":"disable","ofc_fullscreen_speed":0,"ofc_fullscreen_nav":"enable","ofc_fullscreen_nav_pos":"right","ofc_fullscreen_nav_color":"","ofc_fullscreen_nav_tooltip_color":"","ofc_fullscreen_responsive":0,"osh_disable_topbar_sticky":"default","osh_disable_header_sticky":"default","osh_sticky_header_style":"default","osh_sticky_header_effect":"","osh_custom_sticky_logo":0,"osh_custom_retina_sticky_logo":0,"osh_custom_sticky_logo_height":0,"osh_background_color":"","osh_links_color":"","osh_links_hover_color":"","osh_links_active_color":"","osh_links_bg_color":"","osh_links_hover_bg_color":"","osh_links_active_bg_color":"","osh_menu_social_links_color":"","osh_menu_social_hover_links_color":"","ocean_post_oembed":"","ocean_post_self_hosted_media":"","ocean_post_video_embed":"","ocean_link_format":"","ocean_link_format_target":"self","ocean_quote_format":"","ocean_quote_format_link":"post","ocean_gallery_link_images":"on","ocean_gallery_id":[],"footnotes":""},"categories":[219,1],"tags":[],"class_list":["post-2054","post","type-post","status-publish","format-standard","hentry","category-archives","category-non-classe","entry"],"_links":{"self":[{"href":"https:\/\/www.solidarsport.fr\/index.php\/wp-json\/wp\/v2\/posts\/2054","targetHints":{"allow":["GET"]}}],"collection":[{"href":"https:\/\/www.solidarsport.fr\/index.php\/wp-json\/wp\/v2\/posts"}],"about":[{"href":"https:\/\/www.solidarsport.fr\/index.php\/wp-json\/wp\/v2\/types\/post"}],"author":[{"embeddable":true,"href":"https:\/\/www.solidarsport.fr\/index.php\/wp-json\/wp\/v2\/users\/3"}],"replies":[{"embeddable":true,"href":"https:\/\/www.solidarsport.fr\/index.php\/wp-json\/wp\/v2\/comments?post=2054"}],"version-history":[{"count":0,"href":"https:\/\/www.solidarsport.fr\/index.php\/wp-json\/wp\/v2\/posts\/2054\/revisions"}],"wp:attachment":[{"href":"https:\/\/www.solidarsport.fr\/index.php\/wp-json\/wp\/v2\/media?parent=2054"}],"wp:term":[{"taxonomy":"category","embeddable":true,"href":"https:\/\/www.solidarsport.fr\/index.php\/wp-json\/wp\/v2\/categories?post=2054"},{"taxonomy":"post_tag","embeddable":true,"href":"https:\/\/www.solidarsport.fr\/index.php\/wp-json\/wp\/v2\/tags?post=2054"}],"curies":[{"name":"wp","href":"https:\/\/api.w.org\/{rel}","templated":true}]}}