{"id":1977,"date":"2011-10-17T22:04:43","date_gmt":"2011-10-17T20:04:43","guid":{"rendered":"http:\/\/www.solidarsport.fr\/?p=1977"},"modified":"2023-07-13T10:41:27","modified_gmt":"2023-07-13T08:41:27","slug":"nos-coups-de-coeur-4","status":"publish","type":"post","link":"https:\/\/www.solidarsport.fr\/index.php\/2011\/10\/17\/nos-coups-de-coeur-4\/","title":{"rendered":"Nos coups de coeur"},"content":{"rendered":"<h2>L\u2019engagement de Fred Levadoux et Pascal Bruno<\/h2>\n<figure id=\"attachment_1978\" aria-describedby=\"caption-attachment-1978\" style=\"width: 487px\" class=\"wp-caption aligncenter\"><a href=\"https:\/\/www.solidarsport.fr\/wp-content\/uploads\/2011\/11\/RI-DU-20.jpg\"><img fetchpriority=\"high\" decoding=\"async\" class=\"size-medium wp-image-1978\" title=\"RI-DU-20\" src=\"https:\/\/www.solidarsport.fr\/wp-content\/uploads\/2011\/11\/RI-DU-20-487x365.jpg\" alt=\"\" width=\"487\" height=\"365\" \/><\/a><figcaption id=\"caption-attachment-1978\" class=\"wp-caption-text\">Fred LEVADOUX et Pascal BRUNO (\u00e0 droite sur notre photo) \u2013 tous deux professeurs d\u2019EPS au coll\u00e8ge Duruy \u00e0 Nice - sont parmi les enseignants les plus investis dans l\u2019action men\u00e9e par Solidarsport.<\/figcaption><\/figure>\n<p style=\"text-align: center;\">\n<p style=\"text-align: justify;\">D\u00e9j\u00e0 fid\u00e8les \u00e0 chacun des rendez-vous du Prix de la citoyennet\u00e9 qui \u00e9tait organis\u00e9 sur l\u2019\u00eele Saint-Honorat, ils sont \u00e0 la base des magnifiques journ\u00e9es de partage men\u00e9es de concert avec l\u2019IFM ROSSETTI.<br \/>\nAlexi LUIGI, charg\u00e9 de la partie sportive \u00e0 l\u2019Institut Sp\u00e9cialis\u00e9 est d\u2019ailleurs venu les rencontrer en cette journ\u00e9e du 17 octobre, pour mettre au point un nouveau rendez-vous entre les jeunes de DURUY et de l\u2019IFM ROSSETTI.<br \/>\nToutes nos f\u00e9licitations !<\/p>\n<h2 style=\"text-align: justify;\"><!--more-->L\u2019exemplarit\u00e9 des deux \u00e9quipes p\u00e9dagogiques<\/h2>\n<p style=\"text-align: justify;\">Les deux \u00e9tablissements \u00e9taient repr\u00e9sent\u00e9s par leur \u00e9quipe respective de direction : M. KARSENTY, principal et son adjointe Mme HEAMS pour le coll\u00e8ge RISSO ; M. ROSTAN, principal et son adjoint M. RIGAUD pour le coll\u00e8ge DURUY.<br \/>\nOnt apport\u00e9 leurs concours sur 14 ateliers organis\u00e9s en bin\u00f4mes plus de 45 professeurs, personnels de l\u2019\u00e9ducation nationale et repr\u00e9sentants d\u2019association.<br \/>\nC\u2019est la 3e ann\u00e9e cons\u00e9cutive que les coll\u00e8ges RISSO et DURUY r\u00e9ussissent ensemble une telle performance !<\/p>\n<p style=\"text-align: justify;\">Les participants :<br \/>\nA &#8211; Histoire (Mme REBAI, M. ERRERA) &#8211; MUSIQUE (MM. FAUVET et BAUVAIS)<br \/>\nB &#8211; SVT (MMmes CIANFARANI et LAURENTI<br \/>\nC \u2013 ULIS (Mmes DAQUI, SPADARO et GERMAIN) &#8211; APF (Mmes AZZARO et MORINEAU)<br \/>\nD \u2013 SANTE (Mmes DI ORAZIO et FERRUA) &#8211; PLANTES SOLIDAIRES (M. FIASCHI, Mmes BASSINGHA et LORENZI)<br \/>\nE &#8211; TRI SELECTIF (Mmes MOLENAAR, SCHELLINO et MURRAY)<br \/>\nF \u2013 ENAF (Mmes BARRE, CHEVALIER et OKHRIMENKO)<br \/>\nG \u2013 EPS -Tir \u00e0 la corde  (Mmes BERGERET, DAUMAS et M. BUMAT)<br \/>\nH \u2013 FRAN\u00c7AIS (Mmes PAILLE, RAYBAUD, KRONEK et ALLEGRINI)<br \/>\nI \u2013 TECHNOLOGIE (MM. GHERARA et COUFOULIN)<br \/>\nJ \u2013 EPS &#8211; guide aveugle (Mmes TALON et BOUTHIAUX)<br \/>\nK \u2013 ANGLAIS (Mmes PORTALES et JURADO<br \/>\nL \u2013 MATHEMATIQUES (Mme BOULMAAROUF) &#8211; APED (MM. Daniel et Luc Oddo, Ellalie, Seyrat)<br \/>\nM \u2013 PARCOURS SOLIDAIRE (MM. Nissam ARABAT ZIANE et Alphonse) (SEMEUSE)<br \/>\nN \u2013 VIE SCOLAIRE (Mmes CORTELLINI et CISSE<\/p>\n<h2 style=\"text-align: justify;\">Aux associations APPESE, l\u2019APED, la Semeuse, l\u2019APF et l\u2019\u00e9quipe secouriste de la FFSS 06<\/h2>\n<figure id=\"attachment_1979\" aria-describedby=\"caption-attachment-1979\" style=\"width: 487px\" class=\"wp-caption aligncenter\"><a href=\"https:\/\/www.solidarsport.fr\/wp-content\/uploads\/2011\/11\/RI-DU-21.jpg\"><img decoding=\"async\" class=\"size-medium wp-image-1979\" title=\"RI-DU-21\" src=\"https:\/\/www.solidarsport.fr\/wp-content\/uploads\/2011\/11\/RI-DU-21-487x365.jpg\" alt=\"\" width=\"487\" height=\"365\" \/><\/a><figcaption id=\"caption-attachment-1979\" class=\"wp-caption-text\">Le pr\u00e9sident Ren\u00e9 FIASCHI de l\u2019APPESE et son \u00e9quipe font partie d\u00e9sormais int\u00e9grante des actions du Respect men\u00e9es par Solidarsport.<\/figcaption><\/figure>\n<figure id=\"attachment_1980\" aria-describedby=\"caption-attachment-1980\" style=\"width: 487px\" class=\"wp-caption aligncenter\"><a href=\"https:\/\/www.solidarsport.fr\/wp-content\/uploads\/2011\/11\/RI-DU-22JPG.jpg\"><img decoding=\"async\" class=\"size-medium wp-image-1980\" title=\"RI-DU-22JPG\" src=\"https:\/\/www.solidarsport.fr\/wp-content\/uploads\/2011\/11\/RI-DU-22JPG-487x365.jpg\" alt=\"\" width=\"487\" height=\"365\" \/><\/a><figcaption id=\"caption-attachment-1980\" class=\"wp-caption-text\">C\u2019est avec un r\u00e9el honneur que nous avons accueilli la pr\u00e9sence du pr\u00e9sident Daniel ODDO et de son \u00e9quipe de l\u2019APED.<\/figcaption><\/figure>\n<figure id=\"attachment_1981\" aria-describedby=\"caption-attachment-1981\" style=\"width: 487px\" class=\"wp-caption aligncenter\"><a href=\"https:\/\/www.solidarsport.fr\/wp-content\/uploads\/2011\/11\/2-COUPS-DE-COEUR.jpg\"><img loading=\"lazy\" decoding=\"async\" class=\"size-medium wp-image-1981\" title=\"2-COUPS DE COEUR\" src=\"https:\/\/www.solidarsport.fr\/wp-content\/uploads\/2011\/11\/2-COUPS-DE-COEUR-487x324.jpg\" alt=\"\" width=\"487\" height=\"324\" \/><\/a><figcaption id=\"caption-attachment-1981\" class=\"wp-caption-text\"> Nissam ARABAT ZIANE et ALPHONSE de LA SEMEUSE<\/figcaption><\/figure>\n<p style=\"text-align: center;\">\n<figure id=\"attachment_1982\" aria-describedby=\"caption-attachment-1982\" style=\"width: 487px\" class=\"wp-caption aligncenter\"><a href=\"https:\/\/www.solidarsport.fr\/wp-content\/uploads\/2011\/11\/RI-DU-25.jpg\"><img loading=\"lazy\" decoding=\"async\" class=\"size-medium wp-image-1982\" title=\"RI-DU-25\" src=\"https:\/\/www.solidarsport.fr\/wp-content\/uploads\/2011\/11\/RI-DU-25-487x325.jpg\" alt=\"\" width=\"487\" height=\"325\" \/><\/a><figcaption id=\"caption-attachment-1982\" class=\"wp-caption-text\"> Les secouristes de la FFSS 06<\/figcaption><\/figure>\n<p style=\"text-align: center;\">\n","protected":false},"excerpt":{"rendered":"<p>L\u2019engagement de Fred Levadoux et Pascal Bruno D\u00e9j\u00e0 fid\u00e8les \u00e0 chacun des rendez-vous du Prix de la citoyennet\u00e9 qui \u00e9tait organis\u00e9 sur l\u2019\u00eele Saint-Honorat, ils sont \u00e0 la base des magnifiques journ\u00e9es de partage men\u00e9es de concert avec l\u2019IFM ROSSETTI. Alexi LUIGI, charg\u00e9 de la partie sportive \u00e0 l\u2019Institut Sp\u00e9cialis\u00e9 est d\u2019ailleurs venu les rencontrer [&hellip;]<\/p>\n","protected":false},"author":3,"featured_media":0,"comment_status":"open","ping_status":"open","sticky":false,"template":"","format":"standard","meta":{"ocean_post_layout":"","ocean_both_sidebars_style":"","ocean_both_sidebars_content_width":0,"ocean_both_sidebars_sidebars_width":0,"ocean_sidebar":"","ocean_second_sidebar":"","ocean_disable_margins":"enable","ocean_add_body_class":"","ocean_shortcode_before_top_bar":"","ocean_shortcode_after_top_bar":"","ocean_shortcode_before_header":"","ocean_shortcode_after_header":"","ocean_has_shortcode":"","ocean_shortcode_after_title":"","ocean_shortcode_before_footer_widgets":"","ocean_shortcode_after_footer_widgets":"","ocean_shortcode_before_footer_bottom":"","ocean_shortcode_after_footer_bottom":"","ocean_display_top_bar":"default","ocean_display_header":"default","ocean_header_style":"","ocean_center_header_left_menu":"","ocean_custom_header_template":"","ocean_custom_logo":0,"ocean_custom_retina_logo":0,"ocean_custom_logo_max_width":0,"ocean_custom_logo_tablet_max_width":0,"ocean_custom_logo_mobile_max_width":0,"ocean_custom_logo_max_height":0,"ocean_custom_logo_tablet_max_height":0,"ocean_custom_logo_mobile_max_height":0,"ocean_header_custom_menu":"","ocean_menu_typo_font_family":"","ocean_menu_typo_font_subset":"","ocean_menu_typo_font_size":0,"ocean_menu_typo_font_size_tablet":0,"ocean_menu_typo_font_size_mobile":0,"ocean_menu_typo_font_size_unit":"px","ocean_menu_typo_font_weight":"","ocean_menu_typo_font_weight_tablet":"","ocean_menu_typo_font_weight_mobile":"","ocean_menu_typo_transform":"","ocean_menu_typo_transform_tablet":"","ocean_menu_typo_transform_mobile":"","ocean_menu_typo_line_height":0,"ocean_menu_typo_line_height_tablet":0,"ocean_menu_typo_line_height_mobile":0,"ocean_menu_typo_line_height_unit":"","ocean_menu_typo_spacing":0,"ocean_menu_typo_spacing_tablet":0,"ocean_menu_typo_spacing_mobile":0,"ocean_menu_typo_spacing_unit":"","ocean_menu_link_color":"","ocean_menu_link_color_hover":"","ocean_menu_link_color_active":"","ocean_menu_link_background":"","ocean_menu_link_hover_background":"","ocean_menu_link_active_background":"","ocean_menu_social_links_bg":"","ocean_menu_social_hover_links_bg":"","ocean_menu_social_links_color":"","ocean_menu_social_hover_links_color":"","ocean_disable_title":"default","ocean_disable_heading":"default","ocean_post_title":"","ocean_post_subheading":"","ocean_post_title_style":"","ocean_post_title_background_color":"","ocean_post_title_background":0,"ocean_post_title_bg_image_position":"","ocean_post_title_bg_image_attachment":"","ocean_post_title_bg_image_repeat":"","ocean_post_title_bg_image_size":"","ocean_post_title_height":0,"ocean_post_title_bg_overlay":0.5,"ocean_post_title_bg_overlay_color":"","ocean_disable_breadcrumbs":"default","ocean_breadcrumbs_color":"","ocean_breadcrumbs_separator_color":"","ocean_breadcrumbs_links_color":"","ocean_breadcrumbs_links_hover_color":"","ocean_display_footer_widgets":"default","ocean_display_footer_bottom":"default","ocean_custom_footer_template":"","ofc_enable_fullscreen":"disable","ofc_fullscreen_speed":0,"ofc_fullscreen_nav":"enable","ofc_fullscreen_nav_pos":"right","ofc_fullscreen_nav_color":"","ofc_fullscreen_nav_tooltip_color":"","ofc_fullscreen_responsive":0,"osh_disable_topbar_sticky":"default","osh_disable_header_sticky":"default","osh_sticky_header_style":"default","osh_sticky_header_effect":"","osh_custom_sticky_logo":0,"osh_custom_retina_sticky_logo":0,"osh_custom_sticky_logo_height":0,"osh_background_color":"","osh_links_color":"","osh_links_hover_color":"","osh_links_active_color":"","osh_links_bg_color":"","osh_links_hover_bg_color":"","osh_links_active_bg_color":"","osh_menu_social_links_color":"","osh_menu_social_hover_links_color":"","ocean_post_oembed":"","ocean_post_self_hosted_media":"","ocean_post_video_embed":"","ocean_link_format":"","ocean_link_format_target":"self","ocean_quote_format":"","ocean_quote_format_link":"post","ocean_gallery_link_images":"on","ocean_gallery_id":[],"footnotes":""},"categories":[219,15,5],"tags":[],"class_list":["post-1977","post","type-post","status-publish","format-standard","hentry","category-archives","category-respect_colleges","category-respect_marche","entry"],"_links":{"self":[{"href":"https:\/\/www.solidarsport.fr\/index.php\/wp-json\/wp\/v2\/posts\/1977","targetHints":{"allow":["GET"]}}],"collection":[{"href":"https:\/\/www.solidarsport.fr\/index.php\/wp-json\/wp\/v2\/posts"}],"about":[{"href":"https:\/\/www.solidarsport.fr\/index.php\/wp-json\/wp\/v2\/types\/post"}],"author":[{"embeddable":true,"href":"https:\/\/www.solidarsport.fr\/index.php\/wp-json\/wp\/v2\/users\/3"}],"replies":[{"embeddable":true,"href":"https:\/\/www.solidarsport.fr\/index.php\/wp-json\/wp\/v2\/comments?post=1977"}],"version-history":[{"count":0,"href":"https:\/\/www.solidarsport.fr\/index.php\/wp-json\/wp\/v2\/posts\/1977\/revisions"}],"wp:attachment":[{"href":"https:\/\/www.solidarsport.fr\/index.php\/wp-json\/wp\/v2\/media?parent=1977"}],"wp:term":[{"taxonomy":"category","embeddable":true,"href":"https:\/\/www.solidarsport.fr\/index.php\/wp-json\/wp\/v2\/categories?post=1977"},{"taxonomy":"post_tag","embeddable":true,"href":"https:\/\/www.solidarsport.fr\/index.php\/wp-json\/wp\/v2\/tags?post=1977"}],"curies":[{"name":"wp","href":"https:\/\/api.w.org\/{rel}","templated":true}]}}