{"id":1963,"date":"2011-10-17T23:18:37","date_gmt":"2011-10-17T21:18:37","guid":{"rendered":"http:\/\/www.solidarsport.fr\/?p=1963"},"modified":"2023-07-13T10:41:27","modified_gmt":"2023-07-13T08:41:27","slug":"une-journee-qui-fera-date-pour-duruy-et-risso","status":"publish","type":"post","link":"https:\/\/www.solidarsport.fr\/index.php\/2011\/10\/17\/une-journee-qui-fera-date-pour-duruy-et-risso\/","title":{"rendered":"Une journ\u00e9e qui fera date pour Duruy et Risso"},"content":{"rendered":"<figure id=\"attachment_1964\" aria-describedby=\"caption-attachment-1964\" style=\"width: 487px\" class=\"wp-caption aligncenter\"><a href=\"https:\/\/www.solidarsport.fr\/wp-content\/uploads\/2011\/11\/RI-DU-1.jpg\"><img fetchpriority=\"high\" decoding=\"async\" class=\"size-medium wp-image-1964\" title=\"RI-DU-1\" src=\"https:\/\/www.solidarsport.fr\/wp-content\/uploads\/2011\/11\/RI-DU-1-487x360.jpg\" alt=\"\" width=\"487\" height=\"360\" \/><\/a><figcaption id=\"caption-attachment-1964\" class=\"wp-caption-text\">L\u00e9gende : C\u2019est la troisi\u00e8me fois que le Pr\u00e9sident Eric Ciotti rend visite aux \u00e9l\u00e8ves participant \u00e0 une \u00abJourn\u00e9e du Respect \u00bb\u2026l\u2019une des plus belles marques de soutien \u00e0 tous ceux qui participent \u00e0 l\u2019action men\u00e9e par Solidarsport.<\/figcaption><\/figure>\n<p style=\"text-align: justify;\"><strong>Date :<\/strong> le lundi 17 octobre 2011<\/p>\n<p style=\"text-align: justify;\"><strong>Lieu :<\/strong> le stade Bob R\u00e9mond \u00e0 Nice<br \/>\n<strong>Participation :<\/strong> 300 coll\u00e9giens de 6e et de la classe ENAF.<br \/>\n<strong>Encadrement :<\/strong> une \u00e9quipe p\u00e9dagogique forte de 50 personnes.<\/p>\n<p style=\"text-align: justify;\"><strong>Au programme, 14 ateliers du Respect <\/strong>: A- Histoire &#8211; Musique ; B- SVT ; C- ULIS &#8211; APF ; D- SANTE \u2013 PLANTES SOLIDAIRES ; E\u2013 TRI SELECTIF ; F- ENAF ; G\u2013 EPS \u2013 TIR A LA CORDE ; H- FRANCAIS ; I-TECHNOLOGIE ; J\u2013 EPS \u2013 GUIDE AVEUGLE ; K-ANGLAIS; L\u2013MATHEMATIQUES &#8211; APED ; M\u2013PARCOURS SOLIDAIRE ; N\u2013 VIE SCOLAIRE.<\/p>\n<p style=\"text-align: justify;\">\n<figure id=\"attachment_1965\" aria-describedby=\"caption-attachment-1965\" style=\"width: 487px\" class=\"wp-caption aligncenter\"><a href=\"https:\/\/www.solidarsport.fr\/wp-content\/uploads\/2011\/11\/RI-DU-2.jpg\"><img decoding=\"async\" class=\"size-medium wp-image-1965\" title=\"RI-DU-2\" src=\"https:\/\/www.solidarsport.fr\/wp-content\/uploads\/2011\/11\/RI-DU-2-487x365.jpg\" alt=\"\" width=\"487\" height=\"365\" \/><\/a><figcaption id=\"caption-attachment-1965\" class=\"wp-caption-text\">On conna\u00eet l\u2019attachement de M. Philippe Jourdan \u00e0 Solidarsport\u2026 cette fois-ci, c\u2019est M. Jean-Marie Herrera, \u00e9galement Inspecteur d\u2019Acad\u00e9mie qui a visit\u00e9 pendant un tr\u00e8s long moment tous les ateliers.<\/figcaption><\/figure>\n<p><!--more-->Pour la troisi\u00e8me ann\u00e9e cons\u00e9cutive, les coll\u00e8ges Duruy et Risso ont mutualis\u00e9 leurs forces pour organiser leur d\u00e9sormais traditionnelle \u00abJourn\u00e9e du respect\u00bb au stade Bob R\u00e9mond.<br \/>\nUn \u00e9tat d\u2019esprit exemplaire de la part ce ces deux \u00e9tablissements ni\u00e7ois proches du Palais des expositions et distant seulement de quelques 800m.<br \/>\nPour ce grand moment de partage r\u00e9unissant 300 \u00e9l\u00e8ves de 6e, les 45 enseignants et personnels de l\u2019\u00e9ducation nationale investis dans cette action s\u2019\u00e9taient r\u00e9unis en amont la semaine pr\u00e9c\u00e9dente pendant plus de deux heures pour travailler sur la mise en place des 14 ateliers du Respect programm\u00e9s en bin\u00f4mes.<\/p>\n<p style=\"text-align: justify;\"><a href=\"https:\/\/www.solidarsport.fr\/wp-content\/uploads\/2011\/11\/RI-DU-3.jpg\"><img decoding=\"async\" class=\"aligncenter size-medium wp-image-1966\" title=\"RI-DU-3\" src=\"https:\/\/www.solidarsport.fr\/wp-content\/uploads\/2011\/11\/RI-DU-3-487x323.jpg\" alt=\"\" width=\"487\" height=\"323\" \/><\/a><br \/>\nUne organisation impressionnante \u00e0 laquelle la Ville de Nice a apport\u00e9 son pr\u00e9cieux concours avec la mise \u00e0 disposition de 40 tables et 40 chaises.<br \/>\nPr\u00e9cisons que le matin d\u00e8s 8h15, sur le trajet menant les \u00e9l\u00e8ves du coll\u00e8ge au stade Bob R\u00e9mond, la s\u00e9curit\u00e9 \u00e9tait assur\u00e9e par une escorte de la Police Municipale. Il en fut de m\u00eame l\u2019apr\u00e8s-midi au moment du retour.<br \/>\nAjoutons encore que la section football du Cavigal de Nice a apport\u00e9 en la circonstance toute une logistique mat\u00e9rielle et la disponibilit\u00e9 de son \u00e9quipe dirigeante.<br \/>\nSoulignons enfin que quatre associations s\u2019\u00e9taient jointes \u00e0 la r\u00e9ussite de cette journ\u00e9e : l\u2019APF (Association des Paralys\u00e9s de France), l\u2019APED (Association des Parents des Enfants dislexiques), l\u2019APESE et la SEMEUSE.<\/p>\n<h2 style=\"text-align: justify;\">La visite de personnalit\u00e9s<\/h2>\n<p style=\"text-align: justify;\">Le d\u00e9cor \u00e9tait plant\u00e9, tr\u00e8s t\u00f4t au petit matin \u2013 alors qu\u2019il ne faisait pas encore jour ! -, par une douzaine d\u2019adultes des deux \u00e9tablissements venus planifier toute l\u2019organisation.<br \/>\nLe parcours citoyen pouvait commencer, tel qu\u2019il \u00e9tait programm\u00e9 \u00e0 partir de 9h.<br \/>\nSur la pelouse en synth\u00e9tique du stade Bob R\u00e9mond, quelques 300 coll\u00e9giens r\u00e9partis en 28 \u00e9quipes de 10 \u00e0 12 \u00e9l\u00e8ves.<br \/>\nAvec une sp\u00e9cificit\u00e9 : chacune des \u00e9quipes \u00e9tait obligatoirement mixte, autrement dit compos\u00e9e d\u2019un nombre \u00e9gal d\u2019\u00e9l\u00e8ves de Risso et Duruy.<br \/>\nLe partage par excellence.<br \/>\nEn un rien de temps, l\u2019osmose et l\u2019harmonie furent de mise.<br \/>\nEt le spectacle de 300 coll\u00e9giens r\u00e9partis sur un stade dans le calme et la plus grande discipline impressionna tous les observateurs <em>\u00abIls se sont pris au jeu et se donnent \u00e0 fond. C\u2019est rare, surtout lorsqu\u2019ils sont nombreux\u2026\u00bb<\/em> souligna un encadrant.<br \/>\nLa f\u00eate du Respect pouvait monter en puissance et prendre en ce lundi 17 octobre une dimension particuli\u00e8rement exceptionnelle.<\/p>\n<table>\n<tbody>\n<tr>\n<td><a href=\"https:\/\/www.solidarsport.fr\/wp-content\/uploads\/2011\/11\/RI-DU-4.jpg\"><img loading=\"lazy\" decoding=\"async\" class=\"aligncenter size-thumbnail wp-image-1967\" title=\"RI-DU-4\" src=\"https:\/\/www.solidarsport.fr\/wp-content\/uploads\/2011\/11\/RI-DU-4-254x168.jpg\" alt=\"\" width=\"254\" height=\"168\" \/><\/a><\/td>\n<td><a href=\"https:\/\/www.solidarsport.fr\/wp-content\/uploads\/2011\/11\/RI-DU-5.jpg\"><img loading=\"lazy\" decoding=\"async\" class=\"aligncenter size-thumbnail wp-image-1968\" title=\"RI-DU-5\" src=\"https:\/\/www.solidarsport.fr\/wp-content\/uploads\/2011\/11\/RI-DU-5-254x172.jpg\" alt=\"\" width=\"254\" height=\"172\" \/><\/a><\/td>\n<\/tr>\n<\/tbody>\n<\/table>\n<p>Avec quatre visiteurs de marque : d\u2019abord, M. Eric Ciotti, le Pr\u00e9sident du Conseil G\u00e9n\u00e9ral ; ensuite M. Jean-Marie Herrera, Inspecteur d\u2019Acad\u00e9mie ; M. Jacques Victor, conseiller g\u00e9n\u00e9ral; et enfin au moment de la remise des prix M. Lauriano Azinheirina, adjoint \u00e0 l\u2019\u00e9ducation \u00e0 la Ville de Nice et conseiller g\u00e9n\u00e9ral.<\/p>\n<p><a href=\"https:\/\/www.solidarsport.fr\/wp-content\/uploads\/2011\/11\/petit12.jpg\"><img loading=\"lazy\" decoding=\"async\" class=\"aligncenter size-medium wp-image-1969\" title=\"petit12\" src=\"https:\/\/www.solidarsport.fr\/wp-content\/uploads\/2011\/11\/petit12-487x324.jpg\" alt=\"\" width=\"487\" height=\"324\" \/><\/a><br \/>\n<em>\u00ab C\u2019est la 3e ann\u00e9e que nous organisons avec le coll\u00e8ge Duruy cette journ\u00e9e bas\u00e9e sur le respect,<\/em> notait Gilles Karsenty, principal du coll\u00e8ge Risso<em>. Nous avons aujourd\u2019hui des ENAF (\u00e9l\u00e8ves nouvellement arriv\u00e9s en France), des ULIS (Unit\u00e9s localis\u00e9es pour l\u2019inclusion scolaire) des gens de l\u2019APF (Association des paralys\u00e9s de France). Cette journ\u00e9e de partage autour d\u2019un socle de valeurs est tr\u00e8s enrichissante pour tous\u00bb.<\/em><br \/>\nDe son c\u00f4t\u00e9,  Pascal Rostan, le principal du coll\u00e8ge Duruy notait <em>\u00abC\u2019est un mouvement important pour nous. Des actions corr\u00e9l\u00e9es au projet d\u2019\u00e9tablissement, notamment avec l\u2019IEM Rossetti (Institut d\u2019\u00e9ducation motrice) sur les valeurs de partage, de respect et de solidarit\u00e9. Nous constatons avec plaisir cette solidarit\u00e9 chez les jeunes envers les handicap\u00e9s. Mais, ces actions d\u00e9passent le handicap. Ce partenariat avec Solidarsport nous satisfait pleinement et nous voulons continuer dans ce sens\u00bb<\/em>.<\/p>\n<p style=\"text-align: justify;\"><a href=\"https:\/\/www.solidarsport.fr\/wp-content\/uploads\/2011\/11\/RI-DU-8.jpg\"><img loading=\"lazy\" decoding=\"async\" class=\"aligncenter size-medium wp-image-1970\" title=\"RI-DU-8\" src=\"https:\/\/www.solidarsport.fr\/wp-content\/uploads\/2011\/11\/RI-DU-8-487x365.jpg\" alt=\"\" width=\"487\" height=\"365\" \/><\/a><\/p>\n","protected":false},"excerpt":{"rendered":"<p>Date : le lundi 17 octobre 2011 Lieu : le stade Bob R\u00e9mond \u00e0 Nice Participation : 300 coll\u00e9giens de 6e et de la classe ENAF. Encadrement : une \u00e9quipe p\u00e9dagogique forte de 50 personnes. Au programme, 14 ateliers du Respect : A- Histoire &#8211; Musique ; B- SVT ; C- ULIS &#8211; APF ; [&hellip;]<\/p>\n","protected":false},"author":3,"featured_media":0,"comment_status":"open","ping_status":"open","sticky":false,"template":"","format":"standard","meta":{"ocean_post_layout":"","ocean_both_sidebars_style":"","ocean_both_sidebars_content_width":0,"ocean_both_sidebars_sidebars_width":0,"ocean_sidebar":"","ocean_second_sidebar":"","ocean_disable_margins":"enable","ocean_add_body_class":"","ocean_shortcode_before_top_bar":"","ocean_shortcode_after_top_bar":"","ocean_shortcode_before_header":"","ocean_shortcode_after_header":"","ocean_has_shortcode":"","ocean_shortcode_after_title":"","ocean_shortcode_before_footer_widgets":"","ocean_shortcode_after_footer_widgets":"","ocean_shortcode_before_footer_bottom":"","ocean_shortcode_after_footer_bottom":"","ocean_display_top_bar":"default","ocean_display_header":"default","ocean_header_style":"","ocean_center_header_left_menu":"","ocean_custom_header_template":"","ocean_custom_logo":0,"ocean_custom_retina_logo":0,"ocean_custom_logo_max_width":0,"ocean_custom_logo_tablet_max_width":0,"ocean_custom_logo_mobile_max_width":0,"ocean_custom_logo_max_height":0,"ocean_custom_logo_tablet_max_height":0,"ocean_custom_logo_mobile_max_height":0,"ocean_header_custom_menu":"","ocean_menu_typo_font_family":"","ocean_menu_typo_font_subset":"","ocean_menu_typo_font_size":0,"ocean_menu_typo_font_size_tablet":0,"ocean_menu_typo_font_size_mobile":0,"ocean_menu_typo_font_size_unit":"px","ocean_menu_typo_font_weight":"","ocean_menu_typo_font_weight_tablet":"","ocean_menu_typo_font_weight_mobile":"","ocean_menu_typo_transform":"","ocean_menu_typo_transform_tablet":"","ocean_menu_typo_transform_mobile":"","ocean_menu_typo_line_height":0,"ocean_menu_typo_line_height_tablet":0,"ocean_menu_typo_line_height_mobile":0,"ocean_menu_typo_line_height_unit":"","ocean_menu_typo_spacing":0,"ocean_menu_typo_spacing_tablet":0,"ocean_menu_typo_spacing_mobile":0,"ocean_menu_typo_spacing_unit":"","ocean_menu_link_color":"","ocean_menu_link_color_hover":"","ocean_menu_link_color_active":"","ocean_menu_link_background":"","ocean_menu_link_hover_background":"","ocean_menu_link_active_background":"","ocean_menu_social_links_bg":"","ocean_menu_social_hover_links_bg":"","ocean_menu_social_links_color":"","ocean_menu_social_hover_links_color":"","ocean_disable_title":"default","ocean_disable_heading":"default","ocean_post_title":"","ocean_post_subheading":"","ocean_post_title_style":"","ocean_post_title_background_color":"","ocean_post_title_background":0,"ocean_post_title_bg_image_position":"","ocean_post_title_bg_image_attachment":"","ocean_post_title_bg_image_repeat":"","ocean_post_title_bg_image_size":"","ocean_post_title_height":0,"ocean_post_title_bg_overlay":0.5,"ocean_post_title_bg_overlay_color":"","ocean_disable_breadcrumbs":"default","ocean_breadcrumbs_color":"","ocean_breadcrumbs_separator_color":"","ocean_breadcrumbs_links_color":"","ocean_breadcrumbs_links_hover_color":"","ocean_display_footer_widgets":"default","ocean_display_footer_bottom":"default","ocean_custom_footer_template":"","ofc_enable_fullscreen":"disable","ofc_fullscreen_speed":0,"ofc_fullscreen_nav":"enable","ofc_fullscreen_nav_pos":"right","ofc_fullscreen_nav_color":"","ofc_fullscreen_nav_tooltip_color":"","ofc_fullscreen_responsive":0,"osh_disable_topbar_sticky":"default","osh_disable_header_sticky":"default","osh_sticky_header_style":"default","osh_sticky_header_effect":"","osh_custom_sticky_logo":0,"osh_custom_retina_sticky_logo":0,"osh_custom_sticky_logo_height":0,"osh_background_color":"","osh_links_color":"","osh_links_hover_color":"","osh_links_active_color":"","osh_links_bg_color":"","osh_links_hover_bg_color":"","osh_links_active_bg_color":"","osh_menu_social_links_color":"","osh_menu_social_hover_links_color":"","ocean_post_oembed":"","ocean_post_self_hosted_media":"","ocean_post_video_embed":"","ocean_link_format":"","ocean_link_format_target":"self","ocean_quote_format":"","ocean_quote_format_link":"post","ocean_gallery_link_images":"on","ocean_gallery_id":[],"footnotes":""},"categories":[219,15,5],"tags":[],"class_list":["post-1963","post","type-post","status-publish","format-standard","hentry","category-archives","category-respect_colleges","category-respect_marche","entry"],"_links":{"self":[{"href":"https:\/\/www.solidarsport.fr\/index.php\/wp-json\/wp\/v2\/posts\/1963","targetHints":{"allow":["GET"]}}],"collection":[{"href":"https:\/\/www.solidarsport.fr\/index.php\/wp-json\/wp\/v2\/posts"}],"about":[{"href":"https:\/\/www.solidarsport.fr\/index.php\/wp-json\/wp\/v2\/types\/post"}],"author":[{"embeddable":true,"href":"https:\/\/www.solidarsport.fr\/index.php\/wp-json\/wp\/v2\/users\/3"}],"replies":[{"embeddable":true,"href":"https:\/\/www.solidarsport.fr\/index.php\/wp-json\/wp\/v2\/comments?post=1963"}],"version-history":[{"count":0,"href":"https:\/\/www.solidarsport.fr\/index.php\/wp-json\/wp\/v2\/posts\/1963\/revisions"}],"wp:attachment":[{"href":"https:\/\/www.solidarsport.fr\/index.php\/wp-json\/wp\/v2\/media?parent=1963"}],"wp:term":[{"taxonomy":"category","embeddable":true,"href":"https:\/\/www.solidarsport.fr\/index.php\/wp-json\/wp\/v2\/categories?post=1963"},{"taxonomy":"post_tag","embeddable":true,"href":"https:\/\/www.solidarsport.fr\/index.php\/wp-json\/wp\/v2\/tags?post=1963"}],"curies":[{"name":"wp","href":"https:\/\/api.w.org\/{rel}","templated":true}]}}