{"id":186,"date":"2009-06-24T11:27:55","date_gmt":"2009-06-24T10:27:55","guid":{"rendered":"http:\/\/www.solidarsport.fr\/?p=186"},"modified":"2023-07-13T10:43:09","modified_gmt":"2023-07-13T08:43:09","slug":"developpement-durable","status":"publish","type":"post","link":"https:\/\/www.solidarsport.fr\/index.php\/2009\/06\/24\/developpement-durable\/","title":{"rendered":"D\u00e9veloppement Durable"},"content":{"rendered":"<figure id=\"attachment_412\" aria-describedby=\"caption-attachment-412\" style=\"width: 487px\" class=\"wp-caption aligncenter\"><a href=\"https:\/\/www.solidarsport.fr\/wp-content\/uploads\/2009\/06\/DEVELOP-DURA-1.jpg\"><img fetchpriority=\"high\" decoding=\"async\" class=\"size-medium wp-image-412 \" title=\"DEVELOP-DURA 1\" src=\"https:\/\/www.solidarsport.fr\/wp-content\/uploads\/2009\/06\/DEVELOP-DURA-1-487x365.jpg\" alt=\"\" width=\"487\" height=\"365\" \/><\/a><figcaption id=\"caption-attachment-412\" class=\"wp-caption-text\">On reconna\u00eet de gauche \u00e0 droite : MM. Yvan R\u00e9mond et Fran\u00e7ois Rancurel (soci\u00e9t\u00e9 D\u00e9fi), M. Laurent Ghilardi (CGJ), M. Manu Dureuil (solidarsport), M. Patrice Longour (Parc de Thorenc-le-Haut), M. Luc Carriere (Groupe Mane), Mme Mariana Bonet (Conseil G\u00e9n\u00e9ral), M. Baptiste Vivinus (Thorenc-le-Haut)<\/figcaption><\/figure>\n<p style=\"text-align: justify;\">24 juin 2009 &#8211; 26 Conseillers G\u00e9n\u00e9raux Jeunes des Alpes-Maritimes en v\u00e9ritables ambassadeurs<\/p>\n<p style=\"text-align: justify;\">En partenariat avec le Conseil G\u00e9n\u00e9ral des Alpes-Maritimes, Solidarsport s\u2019est engag\u00e9 \u00e0 collaborer pendant deux ans sur un projet sp\u00e9cifique aux 26 Jeunes Elus de la Commission \u00ab\u00a0Environnement, Patrimoine et S\u00e9curit\u00e9\u00a0\u00bb ayant pour th\u00e8me le \u00ab\u00a0D\u00e9veloppement Durable\u00a0\u00bb.<br \/>\n<!--more-->Au terme de cette \u00e9ch\u00e9ance &#8211; c&rsquo;est-\u00e0-dire au printemps 2010 \u2013 il est pr\u00e9vu que les \u00ab\u00a0Jeunes Elus\u00a0\u00bb \u00e9laborent une Charte forte de plusieurs propositions qui sera ensuite diffus\u00e9e sous la forme d\u2019une plaquette dans tous les coll\u00e8ges du d\u00e9partement des Alpes-Maritimes.<\/p>\n<p style=\"text-align: justify;\">En quelque sorte, un v\u00e9ritable message des \u00ab\u00a0Jeunes Elus aux coll\u00e9giens\u00a0\u00bb sur le comportement \u00e0 avoir pour un monde responsable face aux enjeux \u00e0 venir.<\/p>\n<p style=\"text-align: justify;\">Pour mener au mieux un tel projet, Solidarsport a mobilis\u00e9 trois de ses grands partenaires, qui sont \u00e9troitement li\u00e9s aux trois composantes du \u00ab\u00a0D\u00e9veloppement Durable\u00a0\u00bb : Groupe Mane (\u00e9conomie) \u2013 Parc Naturel de Thorenc-le-Haut (\u00e9cologie) \u2013 Soci\u00e9t\u00e9 D\u00e9fi (social).<\/p>\n<p style=\"text-align: justify;\">Dans un premier temps, le 28 janvier 2009, MM. Luc Carri\u00e8re (Groupe Mane), Patrice Longour (Thorenc-le-Haut), Yvan R\u00e9mond et Fran\u00e7ois Rancurel (Soci\u00e9t\u00e9 D\u00e9fi) sont venus faire un expos\u00e9 de leur sp\u00e9cificit\u00e9 dans le cadre d\u2019une s\u00e9ance de travail au Conseil G\u00e9n\u00e9ral.<\/p>\n<p style=\"text-align: justify;\">Dans un deuxi\u00e8me temps, les \u00ab\u00a026 Jeunes Elus de la Commission Environnement, Patrimoine et S\u00e9curit\u00e9\u00a0\u00bb ont particip\u00e9 \u00e0 une sorte de \u00ab\u00a0Voyage initiatique\u00a0\u00bb au c\u0153ur du \u00ab\u00a0D\u00e9veloppement Durable\u00a0\u00bb en allant toucher du doigt sur le terrain les r\u00e9alit\u00e9s du quotidien.<\/p>\n<p style=\"text-align: justify;\"><strong>C\u2019\u00e9tait le mercredi 24 juin, avec un programme \u00e0 trois volets :<\/strong><\/p>\n<p style=\"text-align: justify;\">&#8211; 1 &#8211; <strong>de 8h30 \u00e0 9h30, visite de la soci\u00e9t\u00e9 D\u00e9fi de la Z.I. de Carros<\/strong>, avec la d\u00e9couverte de nouveaux v\u00e9hicules \u00e9lectriques de voierie et d\u2019assainissement \u00e9cologiques qui vont conditionner la vie des citadins dans les ann\u00e9es \u00e0 venir,<\/p>\n<p style=\"text-align: justify;\"><a rel=\"attachment wp-att-456\" href=\"https:\/\/www.solidarsport.fr\/index.php\/developpement-durable\/develop-dur-2\/\"><img decoding=\"async\" class=\"alignnone size-medium wp-image-456\" title=\"DEVELOP-DUR 2\" src=\"https:\/\/www.solidarsport.fr\/wp-content\/uploads\/2009\/06\/DEVELOP-DUR-2-487x324.jpg\" alt=\"\" width=\"273\" height=\"181\" \/><\/a><a href=\"https:\/\/www.solidarsport.fr\/wp-content\/uploads\/2009\/06\/DEVELOP-DUR-3.jpg\"><img decoding=\"async\" class=\"alignnone size-thumbnail wp-image-458\" title=\"DEVELOP-DUR 3\" src=\"https:\/\/www.solidarsport.fr\/wp-content\/uploads\/2009\/06\/DEVELOP-DUR-3-254x190.jpg\" alt=\"\" width=\"241\" height=\"181\" \/><\/a><\/p>\n<p style=\"text-align: center;\">%%wppa%% %%slide=6%%\/p&gt;<\/p>\n<p style=\"text-align: justify;\">&nbsp;<\/p>\n<p style=\"text-align: justify;\">&nbsp;<\/p>\n<p style=\"text-align: justify;\">&#8211; 2 &#8211; <strong>de 10h30 \u00e0 12h, visite du site industriel de La Sarr\u00e9e du Groupe Mane au Bar-sur-Loup,<\/strong> class\u00e9 6e mondial dans le domaine des parfums et produits aromatiques, qui est l\u2019un des \u00ab\u00a0pionniers\u00a0\u00bb engag\u00e9s dans une d\u00e9marche de D\u00e9veloppement \u00ab\u00a0Soutenable\u00a0\u00bb.<\/p>\n<p style=\"text-align: justify;\"><a href=\"https:\/\/www.solidarsport.fr\/wp-content\/uploads\/2009\/06\/DEVELOP-DUR-10.jpg\"><\/a><a href=\"https:\/\/www.solidarsport.fr\/wp-content\/uploads\/2009\/06\/DEVELOP-DURA-9.jpg\"><img loading=\"lazy\" decoding=\"async\" class=\"alignnone size-medium wp-image-467\" title=\"DEVELOP-DURA 9\" src=\"https:\/\/www.solidarsport.fr\/wp-content\/uploads\/2009\/06\/DEVELOP-DURA-9-487x365.jpg\" alt=\"\" width=\"254\" height=\"190\" \/><\/a><img loading=\"lazy\" decoding=\"async\" class=\"alignnone size-medium wp-image-468\" title=\"DEVELOP-DUR 10\" src=\"https:\/\/www.solidarsport.fr\/wp-content\/uploads\/2009\/06\/DEVELOP-DUR-10-487x365.jpg\" alt=\"\" width=\"254\" height=\"190\" \/><\/p>\n<p style=\"text-align: center;\"><a href=\"https:\/\/www.solidarsport.fr\/wp-content\/uploads\/2009\/06\/DEVELOP-DUR-10.jpg\"><\/a><a href=\"https:\/\/www.solidarsport.fr\/wp-content\/uploads\/2009\/06\/DEVELOP-DUR-11.jpg\"><img loading=\"lazy\" decoding=\"async\" class=\"size-medium wp-image-469 aligncenter\" title=\"DEVELOP-DUR 11\" src=\"https:\/\/www.solidarsport.fr\/wp-content\/uploads\/2009\/06\/DEVELOP-DUR-11-487x365.jpg\" alt=\"\" width=\"487\" height=\"365\" \/><\/a><\/p>\n<p style=\"text-align: center;\">[album: https:\/\/www.solidarsport.fr\/wp-content\/plugins\/dm-albums\/dm-albums.php?currdir=\/wp-content\/uploads\/dm-albums\/Developpement-Durable\/Mane-2009\/]<\/p>\n<p style=\"text-align: center;\">&nbsp;<\/p>\n<p style=\"text-align: justify;\">&#8211; 3 &#8211; <strong>de 13h \u00e0 17h30, visite du Parc Naturel de Thorenc-le-Haut<\/strong>, site environnemental de renomm\u00e9e europ\u00e9enne avec un projet de pr\u00e9servation des esp\u00e8ces (bisons, chevaux de Przewalski) ainsi qu\u2019une \u00e9tude sur la biodiversit\u00e9.<\/p>\n<p style=\"text-align: center;\"><a href=\"https:\/\/www.solidarsport.fr\/wp-content\/uploads\/2009\/06\/DEVELOP-DUR-18.jpg\"><img loading=\"lazy\" decoding=\"async\" class=\"size-medium wp-image-474 aligncenter\" title=\"DEVELOP-DUR 18\" src=\"https:\/\/www.solidarsport.fr\/wp-content\/uploads\/2009\/06\/DEVELOP-DUR-18-487x365.jpg\" alt=\"\" width=\"487\" height=\"365\" \/><\/a><\/p>\n<p style=\"text-align: justify;\"><a href=\"https:\/\/www.solidarsport.fr\/wp-content\/uploads\/2009\/06\/DEVELOP-DUR-19.jpg\"><img loading=\"lazy\" decoding=\"async\" class=\"alignnone size-medium wp-image-475\" title=\"DEVELOP-DUR 19\" src=\"https:\/\/www.solidarsport.fr\/wp-content\/uploads\/2009\/06\/DEVELOP-DUR-19-487x365.jpg\" alt=\"\" width=\"254\" height=\"190\" \/><\/a><a href=\"https:\/\/www.solidarsport.fr\/wp-content\/uploads\/2009\/06\/DEVELOP-DUR-20.jpg\"><img loading=\"lazy\" decoding=\"async\" class=\"alignnone size-medium wp-image-476\" title=\"DEVELOP-DUR 20\" src=\"https:\/\/www.solidarsport.fr\/wp-content\/uploads\/2009\/06\/DEVELOP-DUR-20-487x365.jpg\" alt=\"\" width=\"256\" height=\"190\" \/><\/a><\/p>\n<p style=\"text-align: justify;\">[album: https:\/\/www.solidarsport.fr\/wp-content\/plugins\/dm-albums\/dm-albums.php?currdir=\/wp-content\/uploads\/dm-albums\/Developpement-Durable\/ParcNaturel-2009\/]<\/p>\n<p style=\"text-align: justify;\">Une journ\u00e9e sous le signe des \u00ab\u00a0Travaux Pratiques\u00a0\u00bb, qui est venue enrichir les informations re\u00e7ues par les \u00ab\u00a0Jeunes Elus\u00a0\u00bb avec le pr\u00e9cieux concours du CPIE Ile de L\u00e9rins et pays d\u2019Azur, \u00e0 laquelle \u00e9tait associ\u00e9 M. G\u00e9rard Seurat Inspecteur P\u00e9dagogique R\u00e9gional \u00e9galement partenaire du CGJ.<\/p>\n","protected":false},"excerpt":{"rendered":"<p>24 juin 2009 &#8211; 26 Conseillers G\u00e9n\u00e9raux Jeunes des Alpes-Maritimes en v\u00e9ritables ambassadeurs En partenariat avec le Conseil G\u00e9n\u00e9ral des Alpes-Maritimes, Solidarsport s\u2019est engag\u00e9 \u00e0 collaborer pendant deux ans sur un projet sp\u00e9cifique aux 26 Jeunes Elus de la Commission \u00ab\u00a0Environnement, Patrimoine et S\u00e9curit\u00e9\u00a0\u00bb ayant pour th\u00e8me le \u00ab\u00a0D\u00e9veloppement Durable\u00a0\u00bb.<\/p>\n","protected":false},"author":3,"featured_media":0,"comment_status":"open","ping_status":"open","sticky":false,"template":"","format":"standard","meta":{"ocean_post_layout":"","ocean_both_sidebars_style":"","ocean_both_sidebars_content_width":0,"ocean_both_sidebars_sidebars_width":0,"ocean_sidebar":"","ocean_second_sidebar":"","ocean_disable_margins":"enable","ocean_add_body_class":"","ocean_shortcode_before_top_bar":"","ocean_shortcode_after_top_bar":"","ocean_shortcode_before_header":"","ocean_shortcode_after_header":"","ocean_has_shortcode":"","ocean_shortcode_after_title":"","ocean_shortcode_before_footer_widgets":"","ocean_shortcode_after_footer_widgets":"","ocean_shortcode_before_footer_bottom":"","ocean_shortcode_after_footer_bottom":"","ocean_display_top_bar":"default","ocean_display_header":"default","ocean_header_style":"","ocean_center_header_left_menu":"","ocean_custom_header_template":"","ocean_custom_logo":0,"ocean_custom_retina_logo":0,"ocean_custom_logo_max_width":0,"ocean_custom_logo_tablet_max_width":0,"ocean_custom_logo_mobile_max_width":0,"ocean_custom_logo_max_height":0,"ocean_custom_logo_tablet_max_height":0,"ocean_custom_logo_mobile_max_height":0,"ocean_header_custom_menu":"","ocean_menu_typo_font_family":"","ocean_menu_typo_font_subset":"","ocean_menu_typo_font_size":0,"ocean_menu_typo_font_size_tablet":0,"ocean_menu_typo_font_size_mobile":0,"ocean_menu_typo_font_size_unit":"px","ocean_menu_typo_font_weight":"","ocean_menu_typo_font_weight_tablet":"","ocean_menu_typo_font_weight_mobile":"","ocean_menu_typo_transform":"","ocean_menu_typo_transform_tablet":"","ocean_menu_typo_transform_mobile":"","ocean_menu_typo_line_height":0,"ocean_menu_typo_line_height_tablet":0,"ocean_menu_typo_line_height_mobile":0,"ocean_menu_typo_line_height_unit":"","ocean_menu_typo_spacing":0,"ocean_menu_typo_spacing_tablet":0,"ocean_menu_typo_spacing_mobile":0,"ocean_menu_typo_spacing_unit":"","ocean_menu_link_color":"","ocean_menu_link_color_hover":"","ocean_menu_link_color_active":"","ocean_menu_link_background":"","ocean_menu_link_hover_background":"","ocean_menu_link_active_background":"","ocean_menu_social_links_bg":"","ocean_menu_social_hover_links_bg":"","ocean_menu_social_links_color":"","ocean_menu_social_hover_links_color":"","ocean_disable_title":"default","ocean_disable_heading":"default","ocean_post_title":"","ocean_post_subheading":"","ocean_post_title_style":"","ocean_post_title_background_color":"","ocean_post_title_background":0,"ocean_post_title_bg_image_position":"","ocean_post_title_bg_image_attachment":"","ocean_post_title_bg_image_repeat":"","ocean_post_title_bg_image_size":"","ocean_post_title_height":0,"ocean_post_title_bg_overlay":0.5,"ocean_post_title_bg_overlay_color":"","ocean_disable_breadcrumbs":"default","ocean_breadcrumbs_color":"","ocean_breadcrumbs_separator_color":"","ocean_breadcrumbs_links_color":"","ocean_breadcrumbs_links_hover_color":"","ocean_display_footer_widgets":"default","ocean_display_footer_bottom":"default","ocean_custom_footer_template":"","ofc_enable_fullscreen":"disable","ofc_fullscreen_speed":0,"ofc_fullscreen_nav":"enable","ofc_fullscreen_nav_pos":"right","ofc_fullscreen_nav_color":"","ofc_fullscreen_nav_tooltip_color":"","ofc_fullscreen_responsive":0,"osh_disable_topbar_sticky":"default","osh_disable_header_sticky":"default","osh_sticky_header_style":"default","osh_sticky_header_effect":"","osh_custom_sticky_logo":0,"osh_custom_retina_sticky_logo":0,"osh_custom_sticky_logo_height":0,"osh_background_color":"","osh_links_color":"","osh_links_hover_color":"","osh_links_active_color":"","osh_links_bg_color":"","osh_links_hover_bg_color":"","osh_links_active_bg_color":"","osh_menu_social_links_color":"","osh_menu_social_hover_links_color":"","ocean_post_oembed":"","ocean_post_self_hosted_media":"","ocean_post_video_embed":"","ocean_link_format":"","ocean_link_format_target":"self","ocean_quote_format":"","ocean_quote_format_link":"post","ocean_gallery_link_images":"on","ocean_gallery_id":[],"footnotes":""},"categories":[219,5],"tags":[],"class_list":["post-186","post","type-post","status-publish","format-standard","hentry","category-archives","category-respect_marche","entry"],"_links":{"self":[{"href":"https:\/\/www.solidarsport.fr\/index.php\/wp-json\/wp\/v2\/posts\/186","targetHints":{"allow":["GET"]}}],"collection":[{"href":"https:\/\/www.solidarsport.fr\/index.php\/wp-json\/wp\/v2\/posts"}],"about":[{"href":"https:\/\/www.solidarsport.fr\/index.php\/wp-json\/wp\/v2\/types\/post"}],"author":[{"embeddable":true,"href":"https:\/\/www.solidarsport.fr\/index.php\/wp-json\/wp\/v2\/users\/3"}],"replies":[{"embeddable":true,"href":"https:\/\/www.solidarsport.fr\/index.php\/wp-json\/wp\/v2\/comments?post=186"}],"version-history":[{"count":0,"href":"https:\/\/www.solidarsport.fr\/index.php\/wp-json\/wp\/v2\/posts\/186\/revisions"}],"wp:attachment":[{"href":"https:\/\/www.solidarsport.fr\/index.php\/wp-json\/wp\/v2\/media?parent=186"}],"wp:term":[{"taxonomy":"category","embeddable":true,"href":"https:\/\/www.solidarsport.fr\/index.php\/wp-json\/wp\/v2\/categories?post=186"},{"taxonomy":"post_tag","embeddable":true,"href":"https:\/\/www.solidarsport.fr\/index.php\/wp-json\/wp\/v2\/tags?post=186"}],"curies":[{"name":"wp","href":"https:\/\/api.w.org\/{rel}","templated":true}]}}