{"id":1747,"date":"2011-09-14T21:28:47","date_gmt":"2011-09-14T19:28:47","guid":{"rendered":"http:\/\/www.solidarsport.fr\/?p=1747"},"modified":"2023-07-13T10:41:45","modified_gmt":"2023-07-13T08:41:45","slug":"le-comite-dethique-2011-2012-en-grand-pilote","status":"publish","type":"post","link":"https:\/\/www.solidarsport.fr\/index.php\/2011\/09\/14\/le-comite-dethique-2011-2012-en-grand-pilote\/","title":{"rendered":"Le Comit\u00e9 d\u2019Ethique  2011 &#8211; 2012 en \u00abGrand Pilote\u00bb"},"content":{"rendered":"<p style=\"text-align: justify;\">\n<figure id=\"attachment_1748\" aria-describedby=\"caption-attachment-1748\" style=\"width: 487px\" class=\"wp-caption aligncenter\"><a href=\"https:\/\/www.solidarsport.fr\/wp-content\/uploads\/2011\/10\/COM-ETH-.jpg\"><img fetchpriority=\"high\" decoding=\"async\" class=\"size-medium wp-image-1748\" title=\"COM-ETH-\" src=\"https:\/\/www.solidarsport.fr\/wp-content\/uploads\/2011\/10\/COM-ETH--487x365.jpg\" alt=\"\" width=\"487\" height=\"365\" \/><\/a><figcaption id=\"caption-attachment-1748\" class=\"wp-caption-text\">Les membres du Comit\u00e9 d\u2019Ethique 2011 - 2012. De gauche \u00e0 droite, au premier rang, MM. Jean-Louis Joulie, Eric Petit, Mme Jocelyne Girault et M. Gilles Karsent ; au deuxi\u00e8me rang,  MM. Jacques Boutou, Marc Dimech, Michel Minetti, Dominique Ma\u00efssa et Jean-Pierre Robin.<\/figcaption><\/figure>\n<p style=\"text-align: justify;\">Pour la nouvelle ann\u00e9e scolaire 2011 \u2013 2012, le Comit\u00e9 d\u2019Ethique de Solidarsport est compos\u00e9 des membres suivants :<br \/>\nMme Jocelyne GIRAULT (lyc\u00e9e Maurice Janetti) ; MM. Michel MINETTI (Principal honoraire) ; Dominique MAISSA (coll\u00e8ge Dufy) ; Gilles KARSENTY (coll\u00e8ge Risso) ; Jean-Louis JOULIE (coll\u00e8ge Yves KLEIN) ; Marc DIMECH (coll\u00e8ge Port-Lympia) ; Eric PETIT (lyc\u00e9e de Valbonne) ; Jacques BOUTOU (coll\u00e8ge Vento) ; Jean-Pierre ROBIN (coll\u00e8ge Giono), Robert LEYGEON (coll\u00e8ge Daudet) ; Pascal ROSTAN (coll\u00e8ge Duruy).<\/p>\n<p style=\"text-align: justify;\"><!--more-->Le nouveau Comit\u00e9 d\u2019Ethique a tenu une r\u00e9union de travail le mercredi 14 septembre au coll\u00e8ge Yves Klein \u00e0 Villeneuve-Loubet, sur l\u2019invitation de M. Jean-Louis Joulie ; pour porter une appr\u00e9ciation sur le d\u00e9veloppement des \u00abJourn\u00e9es du Respect \u00bb men\u00e9es en collaboration avec les coll\u00e8ges des Alpes-Maritimes.<\/p>\n<h1>Un socle commun de valeurs<\/h1>\n<p style=\"text-align: justify;\">Au cours de cette r\u00e9union, l\u2019accent a \u00e9t\u00e9 mis sur  la volont\u00e9 de d\u00e9fendre ensemble un certain nombre de valeurs. Ainsi, a-t-il \u00e9t\u00e9 entendu d\u2019un commun accord  de rappeler que : <em>\u00ab Ce qui nous incite \u00e0 nous engager, ce sont ces valeurs.<br \/>\nLa premi\u00e8re chose \u00e0 mettre en avant : on est l\u00e0 pour aider \u00ab la construction \u00bb des enfants en harmonie avec les valeurs r\u00e9publicaines de notre pays.<br \/>\nNeutre, la\u00efque, ind\u00e9pendant : ce sont les trois mots qui caract\u00e9risent le Comit\u00e9 d\u2019Ethique \u00bb.<\/em><\/p>\n<h1>Forte repr\u00e9sentation au Conseil d\u2019Administration<\/h1>\n<p style=\"text-align: justify;\">Depuis l\u2019assembl\u00e9e g\u00e9n\u00e9rale extraordinaire du mardi 28 d\u00e9cembre 2010, l\u2019article 24 des statuts de l\u2019association Solidarsport a \u00e9t\u00e9 modifi\u00e9, portant le nombre des membres du conseil d\u2019administration \u00e0 12 membres.<br \/>\nSont d\u00e9j\u00e0 membres : Jacques REMOND (pr\u00e9sident), G\u00e9rard-Louis BOSIO (expert-comptable tr\u00e9sorier), G\u00e9rard BRUN (secr\u00e9taire), Mme Nicole BERTELLOTTI (repr\u00e9sentante Principaut\u00e9 de Monaco), MM. Richard CONTE (relations publiques), Bernard DELSOL (juridique), Maurice STEFANINI (monde associatif).<br \/>\nSont coopt\u00e9s : Mme Jocelyne GIRAULT, MM. Michel MINETTI, Gilles KARSENTY, Dominique MAISSA, Marc DIMECH.<\/p>\n<h1>Libert\u00e9 et autonomie totales<\/h1>\n<p style=\"text-align: justify;\">Sur le d\u00e9veloppement des \u00ab Journ\u00e9es du Respect \u00bb mises en place pour la troisi\u00e8me ann\u00e9e scolaire dans un nombre grandissant de coll\u00e8ges du d\u00e9partement des Alpes-Maritimes, il a \u00e9t\u00e9 convenu \u00e0 l\u2019unanimit\u00e9 que :<br \/>\n<em>\u00ab  Chaque \u00e9tablissement doit se sentir libre d\u2019adh\u00e9rer ou non \u00e0 la dynamique que propose Solidarsport. Il le fait quand il peu &#8211; comme il peut &#8211; selon ses moyens .<br \/>\nLa question est de savoir en quoi ce que l\u2019on envisage de faire dans tel out tel \u00e9tablissement rentre dans le cadre des valeurs et de la d\u00e9marche de Solidarsport ?<br \/>\nSolidarsport n\u2019est pas l\u00e0 pour imposer quoi que ce soit, mais pour proposer un travail d\u2019\u00e9quipe autour de la grande ligne directrice qu\u2019est la Charte du Respect.<br \/>\nLa r\u00e8gle d\u2019or est l\u2019autonomie de chaque \u00e9tablissement, et d\u2019adh\u00e9rer ou pas !<br \/>\nEn cette nouvelle rentr\u00e9e scolaire, deux axes se dessinent :<br \/>\n1 \u2013 Un \u00e9tablissement qui s\u2019engage ou s\u2019est d\u00e9j\u00e0 engag\u00e9 dans l\u2019action men\u00e9e par Solidarsport doit essayer de motiver les \u00e9tablissements voisins.<br \/>\n2 \u2013 La n\u00e9cessit\u00e9 de programmer une r\u00e9union d\u2019information \u00e0 la fin de l\u2019ann\u00e9e, pour faire partager aux personnes qui  sont int\u00e9ress\u00e9es tout ce qui est mis en place et \u00e9changer des id\u00e9es. Cette r\u00e9union devrait permettre \u00e0 la fois de mutualiser les pratiques et d\u2019inviter des participants potentiels \u00e0 s\u2019informer \u00bb.<\/em><\/p>\n<p style=\"text-align: justify;\">A l\u2019issue de cette r\u00e9union de travail, place \u00e9tait faite \u00e0 la convivialit\u00e9 avec un d\u00e9jeuner en commun ; un moment capital qui resserrait les liens du Comit\u00e9 d\u2019Ethique de Solidarsport qui est plus que jamais le \u00ab Grand Pilote \u00bb de l\u2019action de terrain de notre association.<\/p>\n","protected":false},"excerpt":{"rendered":"<p>Pour la nouvelle ann\u00e9e scolaire 2011 \u2013 2012, le Comit\u00e9 d\u2019Ethique de Solidarsport est compos\u00e9 des membres suivants : Mme Jocelyne GIRAULT (lyc\u00e9e Maurice Janetti) ; MM. Michel MINETTI (Principal honoraire) ; Dominique MAISSA (coll\u00e8ge Dufy) ; Gilles KARSENTY (coll\u00e8ge Risso) ; Jean-Louis JOULIE (coll\u00e8ge Yves KLEIN) ; Marc DIMECH (coll\u00e8ge Port-Lympia) ; Eric PETIT [&hellip;]<\/p>\n","protected":false},"author":3,"featured_media":0,"comment_status":"open","ping_status":"open","sticky":false,"template":"","format":"standard","meta":{"ocean_post_layout":"","ocean_both_sidebars_style":"","ocean_both_sidebars_content_width":0,"ocean_both_sidebars_sidebars_width":0,"ocean_sidebar":"","ocean_second_sidebar":"","ocean_disable_margins":"enable","ocean_add_body_class":"","ocean_shortcode_before_top_bar":"","ocean_shortcode_after_top_bar":"","ocean_shortcode_before_header":"","ocean_shortcode_after_header":"","ocean_has_shortcode":"","ocean_shortcode_after_title":"","ocean_shortcode_before_footer_widgets":"","ocean_shortcode_after_footer_widgets":"","ocean_shortcode_before_footer_bottom":"","ocean_shortcode_after_footer_bottom":"","ocean_display_top_bar":"default","ocean_display_header":"default","ocean_header_style":"","ocean_center_header_left_menu":"","ocean_custom_header_template":"","ocean_custom_logo":0,"ocean_custom_retina_logo":0,"ocean_custom_logo_max_width":0,"ocean_custom_logo_tablet_max_width":0,"ocean_custom_logo_mobile_max_width":0,"ocean_custom_logo_max_height":0,"ocean_custom_logo_tablet_max_height":0,"ocean_custom_logo_mobile_max_height":0,"ocean_header_custom_menu":"","ocean_menu_typo_font_family":"","ocean_menu_typo_font_subset":"","ocean_menu_typo_font_size":0,"ocean_menu_typo_font_size_tablet":0,"ocean_menu_typo_font_size_mobile":0,"ocean_menu_typo_font_size_unit":"px","ocean_menu_typo_font_weight":"","ocean_menu_typo_font_weight_tablet":"","ocean_menu_typo_font_weight_mobile":"","ocean_menu_typo_transform":"","ocean_menu_typo_transform_tablet":"","ocean_menu_typo_transform_mobile":"","ocean_menu_typo_line_height":0,"ocean_menu_typo_line_height_tablet":0,"ocean_menu_typo_line_height_mobile":0,"ocean_menu_typo_line_height_unit":"","ocean_menu_typo_spacing":0,"ocean_menu_typo_spacing_tablet":0,"ocean_menu_typo_spacing_mobile":0,"ocean_menu_typo_spacing_unit":"","ocean_menu_link_color":"","ocean_menu_link_color_hover":"","ocean_menu_link_color_active":"","ocean_menu_link_background":"","ocean_menu_link_hover_background":"","ocean_menu_link_active_background":"","ocean_menu_social_links_bg":"","ocean_menu_social_hover_links_bg":"","ocean_menu_social_links_color":"","ocean_menu_social_hover_links_color":"","ocean_disable_title":"default","ocean_disable_heading":"default","ocean_post_title":"","ocean_post_subheading":"","ocean_post_title_style":"","ocean_post_title_background_color":"","ocean_post_title_background":0,"ocean_post_title_bg_image_position":"","ocean_post_title_bg_image_attachment":"","ocean_post_title_bg_image_repeat":"","ocean_post_title_bg_image_size":"","ocean_post_title_height":0,"ocean_post_title_bg_overlay":0.5,"ocean_post_title_bg_overlay_color":"","ocean_disable_breadcrumbs":"default","ocean_breadcrumbs_color":"","ocean_breadcrumbs_separator_color":"","ocean_breadcrumbs_links_color":"","ocean_breadcrumbs_links_hover_color":"","ocean_display_footer_widgets":"default","ocean_display_footer_bottom":"default","ocean_custom_footer_template":"","ofc_enable_fullscreen":"disable","ofc_fullscreen_speed":0,"ofc_fullscreen_nav":"enable","ofc_fullscreen_nav_pos":"right","ofc_fullscreen_nav_color":"","ofc_fullscreen_nav_tooltip_color":"","ofc_fullscreen_responsive":0,"osh_disable_topbar_sticky":"default","osh_disable_header_sticky":"default","osh_sticky_header_style":"default","osh_sticky_header_effect":"","osh_custom_sticky_logo":0,"osh_custom_retina_sticky_logo":0,"osh_custom_sticky_logo_height":0,"osh_background_color":"","osh_links_color":"","osh_links_hover_color":"","osh_links_active_color":"","osh_links_bg_color":"","osh_links_hover_bg_color":"","osh_links_active_bg_color":"","osh_menu_social_links_color":"","osh_menu_social_hover_links_color":"","ocean_post_oembed":"","ocean_post_self_hosted_media":"","ocean_post_video_embed":"","ocean_link_format":"","ocean_link_format_target":"self","ocean_quote_format":"","ocean_quote_format_link":"post","ocean_gallery_link_images":"on","ocean_gallery_id":[],"footnotes":""},"categories":[219,1],"tags":[],"class_list":["post-1747","post","type-post","status-publish","format-standard","hentry","category-archives","category-non-classe","entry"],"_links":{"self":[{"href":"https:\/\/www.solidarsport.fr\/index.php\/wp-json\/wp\/v2\/posts\/1747","targetHints":{"allow":["GET"]}}],"collection":[{"href":"https:\/\/www.solidarsport.fr\/index.php\/wp-json\/wp\/v2\/posts"}],"about":[{"href":"https:\/\/www.solidarsport.fr\/index.php\/wp-json\/wp\/v2\/types\/post"}],"author":[{"embeddable":true,"href":"https:\/\/www.solidarsport.fr\/index.php\/wp-json\/wp\/v2\/users\/3"}],"replies":[{"embeddable":true,"href":"https:\/\/www.solidarsport.fr\/index.php\/wp-json\/wp\/v2\/comments?post=1747"}],"version-history":[{"count":0,"href":"https:\/\/www.solidarsport.fr\/index.php\/wp-json\/wp\/v2\/posts\/1747\/revisions"}],"wp:attachment":[{"href":"https:\/\/www.solidarsport.fr\/index.php\/wp-json\/wp\/v2\/media?parent=1747"}],"wp:term":[{"taxonomy":"category","embeddable":true,"href":"https:\/\/www.solidarsport.fr\/index.php\/wp-json\/wp\/v2\/categories?post=1747"},{"taxonomy":"post_tag","embeddable":true,"href":"https:\/\/www.solidarsport.fr\/index.php\/wp-json\/wp\/v2\/tags?post=1747"}],"curies":[{"name":"wp","href":"https:\/\/api.w.org\/{rel}","templated":true}]}}