{"id":172,"date":"2009-03-13T10:58:32","date_gmt":"2009-03-13T09:58:32","guid":{"rendered":"http:\/\/www.solidarsport.fr\/?p=172"},"modified":"2023-07-13T10:43:09","modified_gmt":"2023-07-13T08:43:09","slug":"le-college-duruy-et-linstitut-rossetti-a-lunisson","status":"publish","type":"post","link":"https:\/\/www.solidarsport.fr\/index.php\/2009\/03\/13\/le-college-duruy-et-linstitut-rossetti-a-lunisson\/","title":{"rendered":"Le coll\u00e8ge Duruy et l\u2019Institut Rossetti \u00e0 l&rsquo;unisson"},"content":{"rendered":"<p style=\"text-align: center;\"><a href=\"https:\/\/www.solidarsport.fr\/wp-content\/uploads\/2009\/05\/DURUY-ROSS-1.jpg\"><img fetchpriority=\"high\" decoding=\"async\" class=\"size-medium wp-image-492 aligncenter\" title=\"DURUY-ROSS-1\" src=\"https:\/\/www.solidarsport.fr\/wp-content\/uploads\/2009\/05\/DURUY-ROSS-1-487x365.jpg\" alt=\"\" width=\"487\" height=\"365\" \/><\/a><\/p>\n<figure id=\"attachment_493\" aria-describedby=\"caption-attachment-493\" style=\"width: 487px\" class=\"wp-caption aligncenter\"><a href=\"https:\/\/www.solidarsport.fr\/wp-content\/uploads\/2009\/05\/DURUY-ROSS-2.jpg\"><img decoding=\"async\" class=\"size-medium wp-image-493\" title=\"DURUY-ROSS-2\" src=\"https:\/\/www.solidarsport.fr\/wp-content\/uploads\/2009\/05\/DURUY-ROSS-2-487x365.jpg\" alt=\"\" width=\"487\" height=\"365\" \/><\/a><figcaption id=\"caption-attachment-493\" class=\"wp-caption-text\">Les \u00e9l\u00e8ves de l\u2019IEM Rossetti et du coll\u00e8ge Duruy, entour\u00e9s de leurs responsables.<\/figcaption><\/figure>\n<p style=\"text-align: justify;\">Sur une initiative de M. Boison, le Principal du coll\u00e8ge Duruy \u00e0 Nice, une matin\u00e9e de \u00ab Partage \u00bb avait \u00e9t\u00e9 lanc\u00e9e l\u2019an pass\u00e9 entre une classe de 5e de l\u2019\u00e9tablissement ni\u00e7ois et des jeunes handicap\u00e9s de l\u2019Institut Rossetti, dirig\u00e9s par M. Patrick Dandreis, directeur g\u00e9n\u00e9ral des PEP (Pupilles de l\u2019Enseignement Public).<br \/>\n<!--more-->Cette action s\u2019\u00e9tait traduite au c\u0153ur m\u00eame du coll\u00e8ge, par un parcours d\u2019adresse et un match de basket \u00e0 travers lesquels les jeunes valides et non valides s\u2019\u00e9taient mesur\u00e9s \u00e0 \u00e9galit\u00e9 en fauteuils. Le coup d\u2019essai avait \u00e9t\u00e9 un coup de ma\u00eetre.<\/p>\n<p style=\"text-align: justify;\">L\u2019exp\u00e9rience a \u00e9t\u00e9 renouvel\u00e9e le 13 mars dernier.<\/p>\n<p style=\"text-align: justify;\">Elle avait \u00e9t\u00e9 superbe en 2008\u2026 elle a \u00e9t\u00e9 impressionnante pour cette ann\u00e9e 2009 avec deux ateliers suppl\u00e9mentaires de handball et boccia.<\/p>\n<p style=\"text-align: justify;\">Avec une participation deux fois plus nombreuses des jeunes de l\u2019IEM Rossetti formidables d\u2019enthousiasme et de d\u00e9passement de soi, \u00e0 l\u2019image de Maslind 12 ans qui fit souffler un grand frisson d\u2019\u00e9merveillement sur sa soif de vie.<\/p>\n<p style=\"text-align: justify;\">\u00ab\u00a0Nos jeunes sont fiers, ils ont quelque chose \u00e0 montrer\u00a0\u00bb l\u00e2cha un \u00e9ducateur sp\u00e9cialis\u00e9.<\/p>\n<p style=\"text-align: justify;\">Du c\u00f4t\u00e9 de la classe de 5e de Duruy, c\u2019\u00e9tait une grande le\u00e7on d\u2019humilit\u00e9 \u00ab\u00a0On a mal aux doigts, c\u2019est tr\u00e8s dur ; mais ne nous plaignons pas\u2026 cela n\u2019a dur\u00e9 qu\u2019un court instant\u00a0\u00bb.<\/p>\n<p style=\"text-align: justify;\">A la r\u00e9cr\u00e9ation, tous les \u00e9l\u00e8ves du coll\u00e8ge ceinturaient la cour pour regarder.<\/p>\n<p style=\"text-align: center;\"><a href=\"https:\/\/www.solidarsport.fr\/wp-content\/uploads\/2009\/05\/DURUY-ROSS-4.jpg\"><img decoding=\"async\" class=\"alignnone size-medium wp-image-494\" title=\"DURUY-ROSS-4\" src=\"https:\/\/www.solidarsport.fr\/wp-content\/uploads\/2009\/05\/DURUY-ROSS-4-487x365.jpg\" alt=\"\" width=\"487\" height=\"365\" \/><\/a><\/p>\n<p style=\"text-align: justify;\">Un grand moment de \u00ab\u00a0Partage\u00a0\u00bb, en pr\u00e9ambule du grand rendez-vous du 19 mai au Parc Charles Ehrmann \u00e0 Nice, o\u00f9 l\u2019IEM Rossetti avait programm\u00e9 de r\u00e9unir cette fois-ci 250 jeunes des Instituts sp\u00e9cialis\u00e9s du d\u00e9partement.<\/p>\n<p style=\"text-align: justify;\">%%wppa%% %%slide=71%%\/p><\/p>\n<p style=\"text-align: justify;\">\n","protected":false},"excerpt":{"rendered":"<p>Sur une initiative de M. Boison, le Principal du coll\u00e8ge Duruy \u00e0 Nice, une matin\u00e9e de \u00ab Partage \u00bb avait \u00e9t\u00e9 lanc\u00e9e l\u2019an pass\u00e9 entre une classe de 5e de l\u2019\u00e9tablissement ni\u00e7ois et des jeunes handicap\u00e9s de l\u2019Institut Rossetti, dirig\u00e9s par M. Patrick Dandreis, directeur g\u00e9n\u00e9ral des PEP (Pupilles de l\u2019Enseignement Public).<\/p>\n","protected":false},"author":3,"featured_media":0,"comment_status":"open","ping_status":"open","sticky":false,"template":"","format":"standard","meta":{"ocean_post_layout":"","ocean_both_sidebars_style":"","ocean_both_sidebars_content_width":0,"ocean_both_sidebars_sidebars_width":0,"ocean_sidebar":"","ocean_second_sidebar":"","ocean_disable_margins":"enable","ocean_add_body_class":"","ocean_shortcode_before_top_bar":"","ocean_shortcode_after_top_bar":"","ocean_shortcode_before_header":"","ocean_shortcode_after_header":"","ocean_has_shortcode":"","ocean_shortcode_after_title":"","ocean_shortcode_before_footer_widgets":"","ocean_shortcode_after_footer_widgets":"","ocean_shortcode_before_footer_bottom":"","ocean_shortcode_after_footer_bottom":"","ocean_display_top_bar":"default","ocean_display_header":"default","ocean_header_style":"","ocean_center_header_left_menu":"","ocean_custom_header_template":"","ocean_custom_logo":0,"ocean_custom_retina_logo":0,"ocean_custom_logo_max_width":0,"ocean_custom_logo_tablet_max_width":0,"ocean_custom_logo_mobile_max_width":0,"ocean_custom_logo_max_height":0,"ocean_custom_logo_tablet_max_height":0,"ocean_custom_logo_mobile_max_height":0,"ocean_header_custom_menu":"","ocean_menu_typo_font_family":"","ocean_menu_typo_font_subset":"","ocean_menu_typo_font_size":0,"ocean_menu_typo_font_size_tablet":0,"ocean_menu_typo_font_size_mobile":0,"ocean_menu_typo_font_size_unit":"px","ocean_menu_typo_font_weight":"","ocean_menu_typo_font_weight_tablet":"","ocean_menu_typo_font_weight_mobile":"","ocean_menu_typo_transform":"","ocean_menu_typo_transform_tablet":"","ocean_menu_typo_transform_mobile":"","ocean_menu_typo_line_height":0,"ocean_menu_typo_line_height_tablet":0,"ocean_menu_typo_line_height_mobile":0,"ocean_menu_typo_line_height_unit":"","ocean_menu_typo_spacing":0,"ocean_menu_typo_spacing_tablet":0,"ocean_menu_typo_spacing_mobile":0,"ocean_menu_typo_spacing_unit":"","ocean_menu_link_color":"","ocean_menu_link_color_hover":"","ocean_menu_link_color_active":"","ocean_menu_link_background":"","ocean_menu_link_hover_background":"","ocean_menu_link_active_background":"","ocean_menu_social_links_bg":"","ocean_menu_social_hover_links_bg":"","ocean_menu_social_links_color":"","ocean_menu_social_hover_links_color":"","ocean_disable_title":"default","ocean_disable_heading":"default","ocean_post_title":"","ocean_post_subheading":"","ocean_post_title_style":"","ocean_post_title_background_color":"","ocean_post_title_background":0,"ocean_post_title_bg_image_position":"","ocean_post_title_bg_image_attachment":"","ocean_post_title_bg_image_repeat":"","ocean_post_title_bg_image_size":"","ocean_post_title_height":0,"ocean_post_title_bg_overlay":0.5,"ocean_post_title_bg_overlay_color":"","ocean_disable_breadcrumbs":"default","ocean_breadcrumbs_color":"","ocean_breadcrumbs_separator_color":"","ocean_breadcrumbs_links_color":"","ocean_breadcrumbs_links_hover_color":"","ocean_display_footer_widgets":"default","ocean_display_footer_bottom":"default","ocean_custom_footer_template":"","ofc_enable_fullscreen":"disable","ofc_fullscreen_speed":0,"ofc_fullscreen_nav":"enable","ofc_fullscreen_nav_pos":"right","ofc_fullscreen_nav_color":"","ofc_fullscreen_nav_tooltip_color":"","ofc_fullscreen_responsive":0,"osh_disable_topbar_sticky":"default","osh_disable_header_sticky":"default","osh_sticky_header_style":"default","osh_sticky_header_effect":"","osh_custom_sticky_logo":0,"osh_custom_retina_sticky_logo":0,"osh_custom_sticky_logo_height":0,"osh_background_color":"","osh_links_color":"","osh_links_hover_color":"","osh_links_active_color":"","osh_links_bg_color":"","osh_links_hover_bg_color":"","osh_links_active_bg_color":"","osh_menu_social_links_color":"","osh_menu_social_hover_links_color":"","ocean_post_oembed":"","ocean_post_self_hosted_media":"","ocean_post_video_embed":"","ocean_link_format":"","ocean_link_format_target":"self","ocean_quote_format":"","ocean_quote_format_link":"post","ocean_gallery_link_images":"on","ocean_gallery_id":[],"footnotes":""},"categories":[219,1],"tags":[],"class_list":["post-172","post","type-post","status-publish","format-standard","hentry","category-archives","category-non-classe","entry"],"_links":{"self":[{"href":"https:\/\/www.solidarsport.fr\/index.php\/wp-json\/wp\/v2\/posts\/172","targetHints":{"allow":["GET"]}}],"collection":[{"href":"https:\/\/www.solidarsport.fr\/index.php\/wp-json\/wp\/v2\/posts"}],"about":[{"href":"https:\/\/www.solidarsport.fr\/index.php\/wp-json\/wp\/v2\/types\/post"}],"author":[{"embeddable":true,"href":"https:\/\/www.solidarsport.fr\/index.php\/wp-json\/wp\/v2\/users\/3"}],"replies":[{"embeddable":true,"href":"https:\/\/www.solidarsport.fr\/index.php\/wp-json\/wp\/v2\/comments?post=172"}],"version-history":[{"count":0,"href":"https:\/\/www.solidarsport.fr\/index.php\/wp-json\/wp\/v2\/posts\/172\/revisions"}],"wp:attachment":[{"href":"https:\/\/www.solidarsport.fr\/index.php\/wp-json\/wp\/v2\/media?parent=172"}],"wp:term":[{"taxonomy":"category","embeddable":true,"href":"https:\/\/www.solidarsport.fr\/index.php\/wp-json\/wp\/v2\/categories?post=172"},{"taxonomy":"post_tag","embeddable":true,"href":"https:\/\/www.solidarsport.fr\/index.php\/wp-json\/wp\/v2\/tags?post=172"}],"curies":[{"name":"wp","href":"https:\/\/api.w.org\/{rel}","templated":true}]}}