{"id":1632,"date":"2011-05-20T21:25:22","date_gmt":"2011-05-20T20:25:22","guid":{"rendered":"http:\/\/www.solidarsport.fr\/?p=1632"},"modified":"2023-07-13T10:42:02","modified_gmt":"2023-07-13T08:42:02","slug":"450-lyceens-aux-urnes","status":"publish","type":"post","link":"https:\/\/www.solidarsport.fr\/index.php\/2011\/05\/20\/450-lyceens-aux-urnes\/","title":{"rendered":"450 lyc\u00e9ens aux urnes"},"content":{"rendered":"<p style=\"text-align: justify;\">Les organisateurs de la \u00abJourn\u00e9e du Respect\u00bb au lyc\u00e9e Carnot \u00e0 Cannes ont eu une id\u00e9e g\u00e9niale : organiser un concours de slogans et d\u2019affiches sur le Respect.<br \/>\n<a href=\"https:\/\/www.solidarsport.fr\/wp-content\/uploads\/2011\/07\/ARNOT-22.jpg\"><img fetchpriority=\"high\" decoding=\"async\" class=\"aligncenter size-medium wp-image-1641\" title=\"ARNOT-22\" src=\"https:\/\/www.solidarsport.fr\/wp-content\/uploads\/2011\/07\/ARNOT-22-487x365.jpg\" alt=\"\" width=\"487\" height=\"365\" \/><\/a><br \/>\nTout le monde \u00e9tait invit\u00e9 \u00e0 y participer !<\/p>\n<p style=\"text-align: justify;\"><!--more-->El\u00e8ves, enseignants et personnels du lyc\u00e9e.<\/p>\n<p style=\"text-align: justify;\"><a href=\"https:\/\/www.solidarsport.fr\/wp-content\/uploads\/2011\/07\/CARNOT-23.jpg\"><img decoding=\"async\" class=\"aligncenter size-medium wp-image-1642\" title=\"CARNOT-23\" src=\"https:\/\/www.solidarsport.fr\/wp-content\/uploads\/2011\/07\/CARNOT-23-487x365.jpg\" alt=\"\" width=\"487\" height=\"365\" \/><\/a><\/p>\n<p>Dans le hall du lyc\u00e9e, l\u2019immense urne en verre qui avait \u00e9t\u00e9 dress\u00e9e sur une estrade regorgeait de bulletins.<\/p>\n<table>\n<tbody>\n<tr>\n<td><a href=\"https:\/\/www.solidarsport.fr\/wp-content\/uploads\/2011\/07\/CARNOT-20.jpg\"><img decoding=\"async\" class=\"aligncenter size-thumbnail wp-image-1639\" title=\"CARNOT-20\" src=\"https:\/\/www.solidarsport.fr\/wp-content\/uploads\/2011\/07\/CARNOT-20-254x190.jpg\" alt=\"\" width=\"254\" height=\"190\" \/><\/a><\/td>\n<td><a href=\"https:\/\/www.solidarsport.fr\/wp-content\/uploads\/2011\/07\/CARNOT-21.jpg\"><img loading=\"lazy\" decoding=\"async\" class=\"aligncenter size-thumbnail wp-image-1640\" title=\"CARNOT-21\" src=\"https:\/\/www.solidarsport.fr\/wp-content\/uploads\/2011\/07\/CARNOT-21-254x190.jpg\" alt=\"\" width=\"254\" height=\"190\" \/><\/a><\/td>\n<\/tr>\n<\/tbody>\n<\/table>\n<p>Le taux de participation des 14 classes de seconde \u00e9tait de 100% !<br \/>\nEn fin de journ\u00e9e, les murs eux \u00e9taient tapiss\u00e9s de slogans et d\u2019affiches donnant aux lieux les allures d\u2019une salle d\u2019exposition sur le Respect.<\/p>\n<table>\n<tbody>\n<tr>\n<td><a href=\"https:\/\/www.solidarsport.fr\/wp-content\/uploads\/2011\/07\/CARNOT-24.jpg\"><img loading=\"lazy\" decoding=\"async\" class=\"aligncenter size-thumbnail wp-image-1643\" title=\"CARNOT-24\" src=\"https:\/\/www.solidarsport.fr\/wp-content\/uploads\/2011\/07\/CARNOT-24-254x190.jpg\" alt=\"\" width=\"254\" height=\"190\" \/><\/a><\/td>\n<td><a href=\"https:\/\/www.solidarsport.fr\/wp-content\/uploads\/2011\/07\/CARNOT-25.jpg\"><img loading=\"lazy\" decoding=\"async\" class=\"aligncenter size-thumbnail wp-image-1644\" title=\"CARNOT-25\" src=\"https:\/\/www.solidarsport.fr\/wp-content\/uploads\/2011\/07\/CARNOT-25-254x190.jpg\" alt=\"\" width=\"254\" height=\"190\" \/><\/a><\/td>\n<\/tr>\n<\/tbody>\n<\/table>\n<p>Gigantesque !<\/p>\n<p>On pouvait lire entre autres :<\/p>\n<p>\u00abLe respect se perd, allez le chercher\u00bb\u2026<br \/>\n\u00abNe soyez pas la pollution, mais une partie de la solution\u00bb\u2026<br \/>\n\u00abLe respect \u00e0 l\u2019\u00e9cole te donne moins d\u2019heures de colle\u00bb\u2026<br \/>\n\u00abApprends \u00e0 forger le respect, pour trouver la libert\u00e9\u00bb\u2026<br \/>\n\u00abNous sommes made in respect\u00bb<br \/>\n\u00abLe respect, c\u2019est un mode de vie\u2026 ce qu\u2019il faut c\u2019est l\u2019envie !\u00bb\u2026<br \/>\n\u00abLe respect, c\u2019est bon comme un beignet\u00bb\u2026<br \/>\n\u00abLaissez-moi, vous prouver ma d\u00e9f\u00e9rence en vous faisant ma r\u00e9f\u00e9rence\u00bb\u2026<br \/>\n\u00abSoyez humains, car vous \u00eates le monde de demain\u00bb\u2026<br \/>\n\u00abLa fraternit\u00e9 \u00e7a se dit, mais cela doit avant tout se vivre\u00bb\u2026<br \/>\n\u00abRespecter son prochain, c\u2019est continuer son avenir\u00bb\u2026<br \/>\n\u00abEn sport, le respect rend plus fort\u00bb\u2026<br \/>\n\u00abDonnons-nous la main pour sauver le monde de demain\u00bb\u2026<br \/>\n\u00abL\u2019irrespect est un fl\u00e9au qui s\u2019arr\u00eate aux portes de Carnot\u00bb\u2026<br \/>\n\u00abSavoir s\u2019accepter\u2026 une simple histoire de respect\u00bb\u2026<br \/>\n\u00abToi, plus moi ; plus ceux qui le veulent<br \/>\nAllez, venez, et entrez dans le respect\u00bb\u2026<br \/>\n\u00abLe respect c\u2019est comme l\u2019amour, cela se partage !\u00bb\u2026<\/p>\n<p>\u00abLe respect, c\u2019est comme un boomerang\u2026 tu l\u2019envoies, il te revient !\u00bb\u2026<\/p>\n<p style=\"text-align: justify;\">Et ce n\u2019\u00e9tait pas tout.<br \/>\nPour donner \u00e0 cette journ\u00e9e de partage autour de la Charte du Respect de Solidarsport, deux autres grands temps forts \u00e9taient organis\u00e9s.<br \/>\nD\u2019abord  dans la cour du lyc\u00e9e avec la participation d\u2019une quinzaine d\u2019associations caritatives qui pr\u00e9sentaient leur action aux lyc\u00e9ens.<\/p>\n<table>\n<tbody>\n<tr>\n<td><a href=\"https:\/\/www.solidarsport.fr\/wp-content\/uploads\/2011\/07\/P1010194.jpg\"><img loading=\"lazy\" decoding=\"async\" class=\"aligncenter size-thumbnail wp-image-1645\" title=\"P1010194\" src=\"https:\/\/www.solidarsport.fr\/wp-content\/uploads\/2011\/07\/P1010194-254x190.jpg\" alt=\"\" width=\"254\" height=\"190\" \/><\/a><\/td>\n<td><a href=\"https:\/\/www.solidarsport.fr\/wp-content\/uploads\/2011\/07\/P1010197.jpg\"><img loading=\"lazy\" decoding=\"async\" class=\"aligncenter size-thumbnail wp-image-1646\" title=\"P1010197\" src=\"https:\/\/www.solidarsport.fr\/wp-content\/uploads\/2011\/07\/P1010197-254x190.jpg\" alt=\"\" width=\"254\" height=\"190\" \/><\/a><\/td>\n<\/tr>\n<tr>\n<td><a href=\"https:\/\/www.solidarsport.fr\/wp-content\/uploads\/2011\/07\/P1010199.jpg\"><img loading=\"lazy\" decoding=\"async\" class=\"aligncenter size-thumbnail wp-image-1647\" title=\"P1010199\" src=\"https:\/\/www.solidarsport.fr\/wp-content\/uploads\/2011\/07\/P1010199-254x190.jpg\" alt=\"\" width=\"254\" height=\"190\" \/><\/a><\/td>\n<td><a href=\"https:\/\/www.solidarsport.fr\/wp-content\/uploads\/2011\/07\/P1010201.jpg\"><img loading=\"lazy\" decoding=\"async\" class=\"aligncenter size-thumbnail wp-image-1648\" title=\"P1010201\" src=\"https:\/\/www.solidarsport.fr\/wp-content\/uploads\/2011\/07\/P1010201-254x190.jpg\" alt=\"\" width=\"254\" height=\"190\" \/><\/a><\/td>\n<\/tr>\n<tr>\n<td><a href=\"https:\/\/www.solidarsport.fr\/wp-content\/uploads\/2011\/07\/petit3.jpg\"><img loading=\"lazy\" decoding=\"async\" class=\"aligncenter size-thumbnail wp-image-1649\" title=\"petit3\" src=\"https:\/\/www.solidarsport.fr\/wp-content\/uploads\/2011\/07\/petit3-254x169.jpg\" alt=\"\" width=\"254\" height=\"169\" \/><\/a><\/td>\n<td><a href=\"https:\/\/www.solidarsport.fr\/wp-content\/uploads\/2011\/07\/petit4.jpg\"><img loading=\"lazy\" decoding=\"async\" class=\"aligncenter size-thumbnail wp-image-1650\" title=\"petit4\" src=\"https:\/\/www.solidarsport.fr\/wp-content\/uploads\/2011\/07\/petit4-254x169.jpg\" alt=\"\" width=\"254\" height=\"169\" \/><\/a><\/td>\n<\/tr>\n<\/tbody>\n<\/table>\n<p style=\"text-align: justify;\">Ensuite, sur les installations sportives du lyc\u00e9e avec deux grands tournois : un volley-ball pour les filles, un futsall pour les gar\u00e7ons.<br \/>\n<a href=\"https:\/\/www.solidarsport.fr\/wp-content\/uploads\/2011\/07\/petit5.jpg\"><img loading=\"lazy\" decoding=\"async\" class=\"aligncenter size-medium wp-image-1651\" title=\"petit5\" src=\"https:\/\/www.solidarsport.fr\/wp-content\/uploads\/2011\/07\/petit5-487x324.jpg\" alt=\"\" width=\"487\" height=\"324\" \/><\/a><br \/>\nA la conclusion de cette journ\u00e9e, le sourire \u00e9tait sur tous les visages.<br \/>\nCarnot venait de gagner son pari et de montrer l\u2019exemple\u2026 la charte du respect a d\u00e9sormais d\u00e9pass\u00e9 le cadre des \u00e9coles primaires, des coll\u00e8ges : la voici \u00e0 pr\u00e9sent entr\u00e9e dans le monde du lyc\u00e9e !<br \/>\n<a href=\"https:\/\/www.solidarsport.fr\/wp-content\/uploads\/2011\/07\/P1010248.jpg\"><img loading=\"lazy\" decoding=\"async\" class=\"aligncenter size-medium wp-image-1652\" title=\"P1010248\" src=\"https:\/\/www.solidarsport.fr\/wp-content\/uploads\/2011\/07\/P1010248-487x365.jpg\" alt=\"\" width=\"487\" height=\"365\" \/><\/a><\/p>\n","protected":false},"excerpt":{"rendered":"<p>Les organisateurs de la \u00abJourn\u00e9e du Respect\u00bb au lyc\u00e9e Carnot \u00e0 Cannes ont eu une id\u00e9e g\u00e9niale : organiser un concours de slogans et d\u2019affiches sur le Respect. Tout le monde \u00e9tait invit\u00e9 \u00e0 y participer !<\/p>\n","protected":false},"author":3,"featured_media":0,"comment_status":"open","ping_status":"open","sticky":false,"template":"","format":"standard","meta":{"ocean_post_layout":"","ocean_both_sidebars_style":"","ocean_both_sidebars_content_width":0,"ocean_both_sidebars_sidebars_width":0,"ocean_sidebar":"","ocean_second_sidebar":"","ocean_disable_margins":"enable","ocean_add_body_class":"","ocean_shortcode_before_top_bar":"","ocean_shortcode_after_top_bar":"","ocean_shortcode_before_header":"","ocean_shortcode_after_header":"","ocean_has_shortcode":"","ocean_shortcode_after_title":"","ocean_shortcode_before_footer_widgets":"","ocean_shortcode_after_footer_widgets":"","ocean_shortcode_before_footer_bottom":"","ocean_shortcode_after_footer_bottom":"","ocean_display_top_bar":"default","ocean_display_header":"default","ocean_header_style":"","ocean_center_header_left_menu":"","ocean_custom_header_template":"","ocean_custom_logo":0,"ocean_custom_retina_logo":0,"ocean_custom_logo_max_width":0,"ocean_custom_logo_tablet_max_width":0,"ocean_custom_logo_mobile_max_width":0,"ocean_custom_logo_max_height":0,"ocean_custom_logo_tablet_max_height":0,"ocean_custom_logo_mobile_max_height":0,"ocean_header_custom_menu":"","ocean_menu_typo_font_family":"","ocean_menu_typo_font_subset":"","ocean_menu_typo_font_size":0,"ocean_menu_typo_font_size_tablet":0,"ocean_menu_typo_font_size_mobile":0,"ocean_menu_typo_font_size_unit":"px","ocean_menu_typo_font_weight":"","ocean_menu_typo_font_weight_tablet":"","ocean_menu_typo_font_weight_mobile":"","ocean_menu_typo_transform":"","ocean_menu_typo_transform_tablet":"","ocean_menu_typo_transform_mobile":"","ocean_menu_typo_line_height":0,"ocean_menu_typo_line_height_tablet":0,"ocean_menu_typo_line_height_mobile":0,"ocean_menu_typo_line_height_unit":"","ocean_menu_typo_spacing":0,"ocean_menu_typo_spacing_tablet":0,"ocean_menu_typo_spacing_mobile":0,"ocean_menu_typo_spacing_unit":"","ocean_menu_link_color":"","ocean_menu_link_color_hover":"","ocean_menu_link_color_active":"","ocean_menu_link_background":"","ocean_menu_link_hover_background":"","ocean_menu_link_active_background":"","ocean_menu_social_links_bg":"","ocean_menu_social_hover_links_bg":"","ocean_menu_social_links_color":"","ocean_menu_social_hover_links_color":"","ocean_disable_title":"default","ocean_disable_heading":"default","ocean_post_title":"","ocean_post_subheading":"","ocean_post_title_style":"","ocean_post_title_background_color":"","ocean_post_title_background":0,"ocean_post_title_bg_image_position":"","ocean_post_title_bg_image_attachment":"","ocean_post_title_bg_image_repeat":"","ocean_post_title_bg_image_size":"","ocean_post_title_height":0,"ocean_post_title_bg_overlay":0.5,"ocean_post_title_bg_overlay_color":"","ocean_disable_breadcrumbs":"default","ocean_breadcrumbs_color":"","ocean_breadcrumbs_separator_color":"","ocean_breadcrumbs_links_color":"","ocean_breadcrumbs_links_hover_color":"","ocean_display_footer_widgets":"default","ocean_display_footer_bottom":"default","ocean_custom_footer_template":"","ofc_enable_fullscreen":"disable","ofc_fullscreen_speed":0,"ofc_fullscreen_nav":"enable","ofc_fullscreen_nav_pos":"right","ofc_fullscreen_nav_color":"","ofc_fullscreen_nav_tooltip_color":"","ofc_fullscreen_responsive":0,"osh_disable_topbar_sticky":"default","osh_disable_header_sticky":"default","osh_sticky_header_style":"default","osh_sticky_header_effect":"","osh_custom_sticky_logo":0,"osh_custom_retina_sticky_logo":0,"osh_custom_sticky_logo_height":0,"osh_background_color":"","osh_links_color":"","osh_links_hover_color":"","osh_links_active_color":"","osh_links_bg_color":"","osh_links_hover_bg_color":"","osh_links_active_bg_color":"","osh_menu_social_links_color":"","osh_menu_social_hover_links_color":"","ocean_post_oembed":"","ocean_post_self_hosted_media":"","ocean_post_video_embed":"","ocean_link_format":"","ocean_link_format_target":"self","ocean_quote_format":"","ocean_quote_format_link":"post","ocean_gallery_link_images":"on","ocean_gallery_id":[],"footnotes":""},"categories":[219,5],"tags":[],"class_list":["post-1632","post","type-post","status-publish","format-standard","hentry","category-archives","category-respect_marche","entry"],"_links":{"self":[{"href":"https:\/\/www.solidarsport.fr\/index.php\/wp-json\/wp\/v2\/posts\/1632","targetHints":{"allow":["GET"]}}],"collection":[{"href":"https:\/\/www.solidarsport.fr\/index.php\/wp-json\/wp\/v2\/posts"}],"about":[{"href":"https:\/\/www.solidarsport.fr\/index.php\/wp-json\/wp\/v2\/types\/post"}],"author":[{"embeddable":true,"href":"https:\/\/www.solidarsport.fr\/index.php\/wp-json\/wp\/v2\/users\/3"}],"replies":[{"embeddable":true,"href":"https:\/\/www.solidarsport.fr\/index.php\/wp-json\/wp\/v2\/comments?post=1632"}],"version-history":[{"count":0,"href":"https:\/\/www.solidarsport.fr\/index.php\/wp-json\/wp\/v2\/posts\/1632\/revisions"}],"wp:attachment":[{"href":"https:\/\/www.solidarsport.fr\/index.php\/wp-json\/wp\/v2\/media?parent=1632"}],"wp:term":[{"taxonomy":"category","embeddable":true,"href":"https:\/\/www.solidarsport.fr\/index.php\/wp-json\/wp\/v2\/categories?post=1632"},{"taxonomy":"post_tag","embeddable":true,"href":"https:\/\/www.solidarsport.fr\/index.php\/wp-json\/wp\/v2\/tags?post=1632"}],"curies":[{"name":"wp","href":"https:\/\/api.w.org\/{rel}","templated":true}]}}