{"id":1612,"date":"2011-05-20T23:51:15","date_gmt":"2011-05-20T22:51:15","guid":{"rendered":"http:\/\/www.solidarsport.fr\/?p=1612"},"modified":"2023-07-13T10:42:02","modified_gmt":"2023-07-13T08:42:02","slug":"le-lycee-carnot-a-cannes-ouvre-la-voie","status":"publish","type":"post","link":"https:\/\/www.solidarsport.fr\/index.php\/2011\/05\/20\/le-lycee-carnot-a-cannes-ouvre-la-voie\/","title":{"rendered":"Le Lyc\u00e9e Carnot \u00e0 Cannes ouvre la voie"},"content":{"rendered":"<h2 style=\"text-align: justify;\">Le fait du Jour<\/h2>\n<p style=\"text-align: justify;\">C\u2019est la premi\u00e8re fois de toute l\u2019histoire de notre association, que nous partageons un projet sur les bases de la Charte du Respect avec les jeunes d\u2019un lyc\u00e9e.<br \/>\nEt quel lyc\u00e9e !<\/p>\n<p style=\"text-align: justify;\">\n<figure id=\"attachment_1613\" aria-describedby=\"caption-attachment-1613\" style=\"width: 487px\" class=\"wp-caption aligncenter\"><a href=\"https:\/\/www.solidarsport.fr\/wp-content\/uploads\/2011\/06\/CARNOT-1.jpg\"><img fetchpriority=\"high\" decoding=\"async\" class=\"size-medium wp-image-1613\" title=\"CARNOT-1\" src=\"https:\/\/www.solidarsport.fr\/wp-content\/uploads\/2011\/06\/CARNOT-1-487x365.jpg\" alt=\"\" width=\"487\" height=\"365\" \/><\/a><figcaption id=\"caption-attachment-1613\" class=\"wp-caption-text\">Le proviseur Mme Cornil donnant le ton de la journ\u00e9e avec \u00e0 l\u2019arri\u00e8re-plan Pascal Raimond, le grand organisateur.<\/figcaption><\/figure>\n<p style=\"text-align: justify;\"><!--more-->Le lyc\u00e9e Carnot de Cannes qui est l\u2019un des grands fleurons \u00e9ducatifs du d\u00e9partement des Alpes-Maritimes.<br \/>\nCette journ\u00e9e du respect, par l\u2019entremise de M. Manu Dureuil, le directeur d\u00e9partemental de l\u2019UNSS s\u2019est d\u00e9roul\u00e9e le vendredi 20 mai, avec la participation des 14 classes de seconde\u2026 soit pr\u00e8s de 450 \u00e9l\u00e8ves.<br \/>\nUn grand bravo \u00e0 Mme Cornil, proviseur et Mme Penicaut, son adjointe pour leur engagement.<br \/>\nA leurs c\u00f4t\u00e9s, il convient de mettre en exergue le r\u00f4le moteur tenu par Pascal Raimond, professeur d\u2019EPS, avec la CPE, Alexandra Salicetti ; en y associant les fortes implications de Marie-Christine Galiani, Christophe Ancelin, Dominique Henrot (professeurs d\u2019EPS) , Najette Saadi (CPE) et Julien Cartier le professeur de SVT qui avait demand\u00e9 \u00e0 une trentaine d\u2019\u00e9l\u00e8ves de venir \u00e0 6h30 au lyc\u00e9e pour nettoyer les salles avec les agents charg\u00e9s de cette mission.<\/p>\n<p style=\"text-align: justify;\">\n<figure id=\"attachment_1614\" aria-describedby=\"caption-attachment-1614\" style=\"width: 487px\" class=\"wp-caption aligncenter\"><a href=\"https:\/\/www.solidarsport.fr\/wp-content\/uploads\/2011\/06\/CARNOT-2.jpg\"><img decoding=\"async\" class=\"size-medium wp-image-1614\" title=\"CARNOT-2\" src=\"https:\/\/www.solidarsport.fr\/wp-content\/uploads\/2011\/06\/CARNOT-2-487x365.jpg\" alt=\"\" width=\"487\" height=\"365\" \/><\/a><figcaption id=\"caption-attachment-1614\" class=\"wp-caption-text\">Une grande premi\u00e8re au Lyc\u00e9e Carnot pour Mmes Penicaut, Salicetti et Cornil<\/figcaption><\/figure>\n<p style=\"text-align: justify;\">\n<figure id=\"attachment_1615\" aria-describedby=\"caption-attachment-1615\" style=\"width: 487px\" class=\"wp-caption aligncenter\"><a href=\"https:\/\/www.solidarsport.fr\/wp-content\/uploads\/2011\/06\/CARNOT-3.jpg\"><img decoding=\"async\" class=\"size-medium wp-image-1615\" title=\"CARNOT-3\" src=\"https:\/\/www.solidarsport.fr\/wp-content\/uploads\/2011\/06\/CARNOT-3-487x365.jpg\" alt=\"\" width=\"487\" height=\"365\" \/><\/a><figcaption id=\"caption-attachment-1615\" class=\"wp-caption-text\">M. Julien Cartier en compagnie des 30 filles et gar\u00e7ons qui \u00e9taient arriv\u00e9s tr\u00e8s t\u00f4t au lyc\u00e9e pour pr\u00e9parer dans les meilleures conditions cette journ\u00e9e. Un grand bravo.<\/figcaption><\/figure>\n","protected":false},"excerpt":{"rendered":"<p>Le fait du Jour C\u2019est la premi\u00e8re fois de toute l\u2019histoire de notre association, que nous partageons un projet sur les bases de la Charte du Respect avec les jeunes d\u2019un lyc\u00e9e. Et quel lyc\u00e9e !<\/p>\n","protected":false},"author":3,"featured_media":0,"comment_status":"open","ping_status":"open","sticky":false,"template":"","format":"standard","meta":{"ocean_post_layout":"","ocean_both_sidebars_style":"","ocean_both_sidebars_content_width":0,"ocean_both_sidebars_sidebars_width":0,"ocean_sidebar":"","ocean_second_sidebar":"","ocean_disable_margins":"enable","ocean_add_body_class":"","ocean_shortcode_before_top_bar":"","ocean_shortcode_after_top_bar":"","ocean_shortcode_before_header":"","ocean_shortcode_after_header":"","ocean_has_shortcode":"","ocean_shortcode_after_title":"","ocean_shortcode_before_footer_widgets":"","ocean_shortcode_after_footer_widgets":"","ocean_shortcode_before_footer_bottom":"","ocean_shortcode_after_footer_bottom":"","ocean_display_top_bar":"default","ocean_display_header":"default","ocean_header_style":"","ocean_center_header_left_menu":"","ocean_custom_header_template":"","ocean_custom_logo":0,"ocean_custom_retina_logo":0,"ocean_custom_logo_max_width":0,"ocean_custom_logo_tablet_max_width":0,"ocean_custom_logo_mobile_max_width":0,"ocean_custom_logo_max_height":0,"ocean_custom_logo_tablet_max_height":0,"ocean_custom_logo_mobile_max_height":0,"ocean_header_custom_menu":"","ocean_menu_typo_font_family":"","ocean_menu_typo_font_subset":"","ocean_menu_typo_font_size":0,"ocean_menu_typo_font_size_tablet":0,"ocean_menu_typo_font_size_mobile":0,"ocean_menu_typo_font_size_unit":"px","ocean_menu_typo_font_weight":"","ocean_menu_typo_font_weight_tablet":"","ocean_menu_typo_font_weight_mobile":"","ocean_menu_typo_transform":"","ocean_menu_typo_transform_tablet":"","ocean_menu_typo_transform_mobile":"","ocean_menu_typo_line_height":0,"ocean_menu_typo_line_height_tablet":0,"ocean_menu_typo_line_height_mobile":0,"ocean_menu_typo_line_height_unit":"","ocean_menu_typo_spacing":0,"ocean_menu_typo_spacing_tablet":0,"ocean_menu_typo_spacing_mobile":0,"ocean_menu_typo_spacing_unit":"","ocean_menu_link_color":"","ocean_menu_link_color_hover":"","ocean_menu_link_color_active":"","ocean_menu_link_background":"","ocean_menu_link_hover_background":"","ocean_menu_link_active_background":"","ocean_menu_social_links_bg":"","ocean_menu_social_hover_links_bg":"","ocean_menu_social_links_color":"","ocean_menu_social_hover_links_color":"","ocean_disable_title":"default","ocean_disable_heading":"default","ocean_post_title":"","ocean_post_subheading":"","ocean_post_title_style":"","ocean_post_title_background_color":"","ocean_post_title_background":0,"ocean_post_title_bg_image_position":"","ocean_post_title_bg_image_attachment":"","ocean_post_title_bg_image_repeat":"","ocean_post_title_bg_image_size":"","ocean_post_title_height":0,"ocean_post_title_bg_overlay":0.5,"ocean_post_title_bg_overlay_color":"","ocean_disable_breadcrumbs":"default","ocean_breadcrumbs_color":"","ocean_breadcrumbs_separator_color":"","ocean_breadcrumbs_links_color":"","ocean_breadcrumbs_links_hover_color":"","ocean_display_footer_widgets":"default","ocean_display_footer_bottom":"default","ocean_custom_footer_template":"","ofc_enable_fullscreen":"disable","ofc_fullscreen_speed":0,"ofc_fullscreen_nav":"enable","ofc_fullscreen_nav_pos":"right","ofc_fullscreen_nav_color":"","ofc_fullscreen_nav_tooltip_color":"","ofc_fullscreen_responsive":0,"osh_disable_topbar_sticky":"default","osh_disable_header_sticky":"default","osh_sticky_header_style":"default","osh_sticky_header_effect":"","osh_custom_sticky_logo":0,"osh_custom_retina_sticky_logo":0,"osh_custom_sticky_logo_height":0,"osh_background_color":"","osh_links_color":"","osh_links_hover_color":"","osh_links_active_color":"","osh_links_bg_color":"","osh_links_hover_bg_color":"","osh_links_active_bg_color":"","osh_menu_social_links_color":"","osh_menu_social_hover_links_color":"","ocean_post_oembed":"","ocean_post_self_hosted_media":"","ocean_post_video_embed":"","ocean_link_format":"","ocean_link_format_target":"self","ocean_quote_format":"","ocean_quote_format_link":"post","ocean_gallery_link_images":"on","ocean_gallery_id":[],"footnotes":""},"categories":[219,5],"tags":[],"class_list":["post-1612","post","type-post","status-publish","format-standard","hentry","category-archives","category-respect_marche","entry"],"_links":{"self":[{"href":"https:\/\/www.solidarsport.fr\/index.php\/wp-json\/wp\/v2\/posts\/1612","targetHints":{"allow":["GET"]}}],"collection":[{"href":"https:\/\/www.solidarsport.fr\/index.php\/wp-json\/wp\/v2\/posts"}],"about":[{"href":"https:\/\/www.solidarsport.fr\/index.php\/wp-json\/wp\/v2\/types\/post"}],"author":[{"embeddable":true,"href":"https:\/\/www.solidarsport.fr\/index.php\/wp-json\/wp\/v2\/users\/3"}],"replies":[{"embeddable":true,"href":"https:\/\/www.solidarsport.fr\/index.php\/wp-json\/wp\/v2\/comments?post=1612"}],"version-history":[{"count":0,"href":"https:\/\/www.solidarsport.fr\/index.php\/wp-json\/wp\/v2\/posts\/1612\/revisions"}],"wp:attachment":[{"href":"https:\/\/www.solidarsport.fr\/index.php\/wp-json\/wp\/v2\/media?parent=1612"}],"wp:term":[{"taxonomy":"category","embeddable":true,"href":"https:\/\/www.solidarsport.fr\/index.php\/wp-json\/wp\/v2\/categories?post=1612"},{"taxonomy":"post_tag","embeddable":true,"href":"https:\/\/www.solidarsport.fr\/index.php\/wp-json\/wp\/v2\/tags?post=1612"}],"curies":[{"name":"wp","href":"https:\/\/api.w.org\/{rel}","templated":true}]}}