{"id":1510,"date":"2011-05-24T21:06:08","date_gmt":"2011-05-24T20:06:08","guid":{"rendered":"http:\/\/www.solidarsport.fr\/?p=1510"},"modified":"2023-07-13T10:42:02","modified_gmt":"2023-07-13T08:42:02","slug":"le-college-dufy-baigne-de-lumiere","status":"publish","type":"post","link":"https:\/\/www.solidarsport.fr\/index.php\/2011\/05\/24\/le-college-dufy-baigne-de-lumiere\/","title":{"rendered":"Le coll\u00e8ge Dufy, baign\u00e9 de lumi\u00e8re"},"content":{"rendered":"<p style=\"text-align: justify;\">Des enfants et des adultes, tous sourires et heureux d\u2019avoir r\u00e9ussi une belle journ\u00e9e ensemble\u2026 c\u2019est l\u2019image qui a impressionn\u00e9 M. Fr\u00e9d\u00e9ric Touraille, directeur g\u00e9n\u00e9ral d\u00e9l\u00e9gu\u00e9 du groupe Nice-Matin et pr\u00e9sident d\u2019honneur de Solidarsport le mardi 24 mai lors de sa visite au coll\u00e8ge Raoul Dufy.<\/p>\n<p style=\"text-align: justify;\"><a href=\"https:\/\/www.solidarsport.fr\/wp-content\/uploads\/2011\/06\/FILM-26.jpg\"><img fetchpriority=\"high\" decoding=\"async\" class=\"aligncenter size-medium wp-image-1511\" title=\"FILM-26\" src=\"https:\/\/www.solidarsport.fr\/wp-content\/uploads\/2011\/06\/FILM-26-487x365.jpg\" alt=\"\" width=\"487\" height=\"365\" \/><\/a><!--more-->Etaient l\u00e0 pour leur toute premi\u00e8re fois dans cet \u00e9tablissement, 231 \u00e9l\u00e8ves de CM2 des \u00e9coles primaires Les Magnolias 1 et 2, Caucade, la Lanterne, Fabron, la Corniche Fleurie, Jules Verne et Moretti.<br \/>\nPour les recevoir, 248 coll\u00e9giens s\u2019\u00e9taient mobilis\u00e9s, soit les 9 classes de 6e et la classe ULIS du coll\u00e8ge Dufy.<br \/>\nPour l\u2019encadrement, plus de cent professeurs, personnel administratif, technique ou surveillants avaient r\u00e9pondu pr\u00e9sents.<br \/>\nFaites les comptes, r\u00e9unir 600 enfants et adultes autour du respect dans un climat de f\u00eate : on en redemande tous les jours\u2026 c\u2019est g\u00e9ant !<br \/>\nC\u2019est le grand pari r\u00e9ussi une nouvelle fois de mani\u00e8re \u00e9clatante par Dominique Ma\u00efssa et son \u00e9quipe.<br \/>\nAvec un parcours citoyen construit autour de 36 ateliers d\u2019une vari\u00e9t\u00e9 la plus large.<br \/>\nIl y avait du sport, fran\u00e7ais, technologie, Science et vie de la terre, vie scolaire, th\u00e9\u00e2tre, musique, math\u00e9matiques, chimie, anglais, ni\u00e7ois, histoire et g\u00e9ographie, arts plastiques, exp\u00e9rimentation scientifique etc\u2026<br \/>\nDu grand art !<br \/>\nD\u00e9but\u00e9 \u00e0 9h, la journ\u00e9e se termina \u00e0 16h avec la remise du troph\u00e9e du Respect au coll\u00e8ge Dufy, une magnifique coupe \u00e0 chaque \u00e9cole primaire et un tee-shirt frapp\u00e9 de la charte du respect pour chaque participant.<br \/>\nAvec \u00e0 midi, une pause d\u00e9jeuner o\u00f9 les \u00abpetits\u00bb de CM2 eurent le loisir de d\u00e9jeuner avec les \u00abGrands\u00bb de 6e qui \u00e9taient leurs tuteurs.<br \/>\nA cet instant pr\u00e9cis, M. Dominique Ma\u00efssa passa dans les rangs pour voir si \u00e0 la sortie de table, chacun avait respect\u00e9 les consignes : s\u00e9parer les couverts et assiettes des \u00e9l\u00e9ments \u00e0 jeter pour faciliter le travail de rangement du personnel de cuisine.<\/p>\n<p style=\"text-align: justify;\"><a href=\"https:\/\/www.solidarsport.fr\/wp-content\/uploads\/2011\/06\/FILM-22.jpg\"><img decoding=\"async\" class=\"aligncenter size-medium wp-image-1512\" title=\"FILM-22\" src=\"https:\/\/www.solidarsport.fr\/wp-content\/uploads\/2011\/06\/FILM-22-487x365.jpg\" alt=\"\" width=\"487\" height=\"365\" \/><\/a><br \/>\n<em>\u00abSi les \u00e9l\u00e8ves de CM2 s\u2019impr\u00e8gnent bien de cela aujourd\u2019hui\u2026 c\u2019est du temps de gagn\u00e9 pour la prochaine rentr\u00e9e scolaire\u00bb<\/em> d\u00e9crypte le principal.<\/p>\n<h3 style=\"text-align: justify;\">L\u2019\u00e9quipe d\u2019organisation autour de M. Ma\u00efssa :<\/h3>\n<p style=\"text-align: justify;\">Mmes Valladon, Vial, Bailet, Amand, Bost, Faure, Maestrali, Castellano, , Corbel, Damongeot, Sgaravizzi, Rostagnat, Filippi, Boitout, Sabatier, Bickel, Buffet, Canarelli, Herrmann, Bayet, Lorsung, Acchiardi, Pilati, Torri, Guyot, Rolland, Boccard, Bonfante, Kostovic, Heinis, Morelli ; MM. Stuppa, Roman, Grospellier, Fabre, Bartoli, Abrahamian, Corbel, Thouault, Aguinet, Barbier, Bigliani, Frechet, Boyer, Boughanemi, Degeorges, Zorgane, Dalmasso, Louah, Ferrari, Ratsimbason, Lefebvre, Patacchini.<\/p>\n<p style=\"text-align: justify;\">%%wppa%% %%slide=24%%\/p><\/p>\n","protected":false},"excerpt":{"rendered":"<p>Des enfants et des adultes, tous sourires et heureux d\u2019avoir r\u00e9ussi une belle journ\u00e9e ensemble\u2026 c\u2019est l\u2019image qui a impressionn\u00e9 M. Fr\u00e9d\u00e9ric Touraille, directeur g\u00e9n\u00e9ral d\u00e9l\u00e9gu\u00e9 du groupe Nice-Matin et pr\u00e9sident d\u2019honneur de Solidarsport le mardi 24 mai lors de sa visite au coll\u00e8ge Raoul Dufy.<\/p>\n","protected":false},"author":3,"featured_media":0,"comment_status":"open","ping_status":"open","sticky":false,"template":"","format":"standard","meta":{"ocean_post_layout":"","ocean_both_sidebars_style":"","ocean_both_sidebars_content_width":0,"ocean_both_sidebars_sidebars_width":0,"ocean_sidebar":"","ocean_second_sidebar":"","ocean_disable_margins":"enable","ocean_add_body_class":"","ocean_shortcode_before_top_bar":"","ocean_shortcode_after_top_bar":"","ocean_shortcode_before_header":"","ocean_shortcode_after_header":"","ocean_has_shortcode":"","ocean_shortcode_after_title":"","ocean_shortcode_before_footer_widgets":"","ocean_shortcode_after_footer_widgets":"","ocean_shortcode_before_footer_bottom":"","ocean_shortcode_after_footer_bottom":"","ocean_display_top_bar":"default","ocean_display_header":"default","ocean_header_style":"","ocean_center_header_left_menu":"","ocean_custom_header_template":"","ocean_custom_logo":0,"ocean_custom_retina_logo":0,"ocean_custom_logo_max_width":0,"ocean_custom_logo_tablet_max_width":0,"ocean_custom_logo_mobile_max_width":0,"ocean_custom_logo_max_height":0,"ocean_custom_logo_tablet_max_height":0,"ocean_custom_logo_mobile_max_height":0,"ocean_header_custom_menu":"","ocean_menu_typo_font_family":"","ocean_menu_typo_font_subset":"","ocean_menu_typo_font_size":0,"ocean_menu_typo_font_size_tablet":0,"ocean_menu_typo_font_size_mobile":0,"ocean_menu_typo_font_size_unit":"px","ocean_menu_typo_font_weight":"","ocean_menu_typo_font_weight_tablet":"","ocean_menu_typo_font_weight_mobile":"","ocean_menu_typo_transform":"","ocean_menu_typo_transform_tablet":"","ocean_menu_typo_transform_mobile":"","ocean_menu_typo_line_height":0,"ocean_menu_typo_line_height_tablet":0,"ocean_menu_typo_line_height_mobile":0,"ocean_menu_typo_line_height_unit":"","ocean_menu_typo_spacing":0,"ocean_menu_typo_spacing_tablet":0,"ocean_menu_typo_spacing_mobile":0,"ocean_menu_typo_spacing_unit":"","ocean_menu_link_color":"","ocean_menu_link_color_hover":"","ocean_menu_link_color_active":"","ocean_menu_link_background":"","ocean_menu_link_hover_background":"","ocean_menu_link_active_background":"","ocean_menu_social_links_bg":"","ocean_menu_social_hover_links_bg":"","ocean_menu_social_links_color":"","ocean_menu_social_hover_links_color":"","ocean_disable_title":"default","ocean_disable_heading":"default","ocean_post_title":"","ocean_post_subheading":"","ocean_post_title_style":"","ocean_post_title_background_color":"","ocean_post_title_background":0,"ocean_post_title_bg_image_position":"","ocean_post_title_bg_image_attachment":"","ocean_post_title_bg_image_repeat":"","ocean_post_title_bg_image_size":"","ocean_post_title_height":0,"ocean_post_title_bg_overlay":0.5,"ocean_post_title_bg_overlay_color":"","ocean_disable_breadcrumbs":"default","ocean_breadcrumbs_color":"","ocean_breadcrumbs_separator_color":"","ocean_breadcrumbs_links_color":"","ocean_breadcrumbs_links_hover_color":"","ocean_display_footer_widgets":"default","ocean_display_footer_bottom":"default","ocean_custom_footer_template":"","ofc_enable_fullscreen":"disable","ofc_fullscreen_speed":0,"ofc_fullscreen_nav":"enable","ofc_fullscreen_nav_pos":"right","ofc_fullscreen_nav_color":"","ofc_fullscreen_nav_tooltip_color":"","ofc_fullscreen_responsive":0,"osh_disable_topbar_sticky":"default","osh_disable_header_sticky":"default","osh_sticky_header_style":"default","osh_sticky_header_effect":"","osh_custom_sticky_logo":0,"osh_custom_retina_sticky_logo":0,"osh_custom_sticky_logo_height":0,"osh_background_color":"","osh_links_color":"","osh_links_hover_color":"","osh_links_active_color":"","osh_links_bg_color":"","osh_links_hover_bg_color":"","osh_links_active_bg_color":"","osh_menu_social_links_color":"","osh_menu_social_hover_links_color":"","ocean_post_oembed":"","ocean_post_self_hosted_media":"","ocean_post_video_embed":"","ocean_link_format":"","ocean_link_format_target":"self","ocean_quote_format":"","ocean_quote_format_link":"post","ocean_gallery_link_images":"on","ocean_gallery_id":[],"footnotes":""},"categories":[219,15,1,5],"tags":[],"class_list":["post-1510","post","type-post","status-publish","format-standard","hentry","category-archives","category-respect_colleges","category-non-classe","category-respect_marche","entry"],"_links":{"self":[{"href":"https:\/\/www.solidarsport.fr\/index.php\/wp-json\/wp\/v2\/posts\/1510","targetHints":{"allow":["GET"]}}],"collection":[{"href":"https:\/\/www.solidarsport.fr\/index.php\/wp-json\/wp\/v2\/posts"}],"about":[{"href":"https:\/\/www.solidarsport.fr\/index.php\/wp-json\/wp\/v2\/types\/post"}],"author":[{"embeddable":true,"href":"https:\/\/www.solidarsport.fr\/index.php\/wp-json\/wp\/v2\/users\/3"}],"replies":[{"embeddable":true,"href":"https:\/\/www.solidarsport.fr\/index.php\/wp-json\/wp\/v2\/comments?post=1510"}],"version-history":[{"count":0,"href":"https:\/\/www.solidarsport.fr\/index.php\/wp-json\/wp\/v2\/posts\/1510\/revisions"}],"wp:attachment":[{"href":"https:\/\/www.solidarsport.fr\/index.php\/wp-json\/wp\/v2\/media?parent=1510"}],"wp:term":[{"taxonomy":"category","embeddable":true,"href":"https:\/\/www.solidarsport.fr\/index.php\/wp-json\/wp\/v2\/categories?post=1510"},{"taxonomy":"post_tag","embeddable":true,"href":"https:\/\/www.solidarsport.fr\/index.php\/wp-json\/wp\/v2\/tags?post=1510"}],"curies":[{"name":"wp","href":"https:\/\/api.w.org\/{rel}","templated":true}]}}